{"id":88671,"date":"2022-10-21T21:07:17","date_gmt":"2022-10-21T21:07:17","guid":{"rendered":"https:\/\/sertv.gob.pa\/nacionalfm\/?p=88671"},"modified":"2022-10-21T21:07:17","modified_gmt":"2022-10-21T21:07:17","slug":"estudiantes-participan-en-acto-de-siembra-de-banderas-en-ciudad-del-saber","status":"publish","type":"post","link":"https:\/\/sertv.gob.pa\/nacionalfm\/estudiantes-participan-en-acto-de-siembra-de-banderas-en-ciudad-del-saber\/","title":{"rendered":"Estudiantes participan en acto de siembra de banderas, en Ciudad del Saber"},"content":{"rendered":"<p>Unos 300 estudiantes de la Academia Biling\u00fce Panam\u00e1 para el Futuro y de High\u00a0School de Balboa, participaron en el\u00a0acto tradicional de siembra de banderas, actividad que organiza por D\u00e9cima octava XVIII ocasi\u00f3n la fundaci\u00f3n Ciudad del Saber, como un acto de conmemoraci\u00f3n a los j\u00f3venes que sembraron banderas en 1958 en la Zona del Canal y como un pre\u00e1mbulo a la celebraci\u00f3n de las efem\u00e9rides patrias que se dan inicio el pr\u00f3ximo 1 de noviembre.<\/p>\n<p>El acto de apertura, estuvo a cargo del presidente ejecutivo de la Ciudad del Saber, Jorge Arosemena, quien destac\u00f3 que el\u00a02 de mayo de 1958, un grupo de estudiantes de la Universidad de Panam\u00e1 realizaron la \u201coperaci\u00f3n soberan\u00eda\u201d que consisti\u00f3 en la colocaci\u00f3n de 75 banderas en el \u00e1rea de Balboa, al mismo tiempo le exig\u00edan al gobierno de Ernesto de la Guardia, la necesidad de llegar a nuevos acuerdos con los estadounidenses que garantizaran la soberan\u00eda paname\u00f1a en la Zona del Canal.<\/p>\n<p>La fundaci\u00f3n Ciudad del Saber, distingui\u00f3 como abanderado del acto c\u00edvico al Doctor Julio Escobar, miembro de la Junta de S\u00edndicos de la Fundaci\u00f3n Ciudad del Saber, por su vasta experiencia y fecunda labor en beneficio de todos los paname\u00f1os.<\/p>\n<p>La ministra de Educaci\u00f3n, Maruja Gorday de Villalobos, directivos del Ministerio de Educaci\u00f3n y los ni\u00f1os del Centro de Orientaci\u00f3n Infantil de Para\u00edso, participaron en el acto de siembra de banderas que tiene un valor significativo para todos aquellos j\u00f3venes que lucharon por ver una patria libre y soberana en todo el territorio nacional.<\/p>\n<p>&nbsp;<\/p>\n<p>Fuente: MEDUCA<\/p>\n","protected":false},"excerpt":{"rendered":"<p>Unos 300 estudiantes de la Academia Biling\u00fce Panam\u00e1 para el <a href=\"https:\/\/sertv.gob.pa\/nacionalfm\/estudiantes-participan-en-acto-de-siembra-de-banderas-en-ciudad-del-saber\/\"> [&#8230;]<\/a><\/p>\n","protected":false},"author":9,"featured_media":88672,"comment_status":"closed","ping_status":"closed","sticky":false,"template":"","format":"standard","meta":{"footnotes":""},"categories":[2],"tags":[],"class_list":["post-88671","post","type-post","status-publish","format-standard","has-post-thumbnail","hentry","category-nacionales"],"_links":{"self":[{"href":"https:\/\/sertv.gob.pa\/nacionalfm\/wp-json\/wp\/v2\/posts\/88671","targetHints":{"allow":["GET"]}}],"collection":[{"href":"https:\/\/sertv.gob.pa\/nacionalfm\/wp-json\/wp\/v2\/posts"}],"about":[{"href":"https:\/\/sertv.gob.pa\/nacionalfm\/wp-json\/wp\/v2\/types\/post"}],"author":[{"embeddable":true,"href":"https:\/\/sertv.gob.pa\/nacionalfm\/wp-json\/wp\/v2\/users\/9"}],"replies":[{"embeddable":true,"href":"https:\/\/sertv.gob.pa\/nacionalfm\/wp-json\/wp\/v2\/comments?post=88671"}],"version-history":[{"count":1,"href":"https:\/\/sertv.gob.pa\/nacionalfm\/wp-json\/wp\/v2\/posts\/88671\/revisions"}],"predecessor-version":[{"id":88677,"href":"https:\/\/sertv.gob.pa\/nacionalfm\/wp-json\/wp\/v2\/posts\/88671\/revisions\/88677"}],"wp:featuredmedia":[{"embeddable":true,"href":"https:\/\/sertv.gob.pa\/nacionalfm\/wp-json\/wp\/v2\/media\/88672"}],"wp:attachment":[{"href":"https:\/\/sertv.gob.pa\/nacionalfm\/wp-json\/wp\/v2\/media?parent=88671"}],"wp:term":[{"taxonomy":"category","embeddable":true,"href":"https:\/\/sertv.gob.pa\/nacionalfm\/wp-json\/wp\/v2\/categories?post=88671"},{"taxonomy":"post_tag","embeddable":true,"href":"https:\/\/sertv.gob.pa\/nacionalfm\/wp-json\/wp\/v2\/tags?post=88671"}],"curies":[{"name":"wp","href":"https:\/\/api.w.org\/{rel}","templated":true}]}}