{"id":88721,"date":"2022-10-24T19:32:27","date_gmt":"2022-10-24T19:32:27","guid":{"rendered":"https:\/\/sertv.gob.pa\/nacionalfm\/?p=88721"},"modified":"2022-10-24T19:32:27","modified_gmt":"2022-10-24T19:32:27","slug":"al-menos-dos-muertos-tras-un-tiroteo-en-un-instituto-de-san-luis-en-estados-unidos","status":"publish","type":"post","link":"https:\/\/sertv.gob.pa\/nacionalfm\/al-menos-dos-muertos-tras-un-tiroteo-en-un-instituto-de-san-luis-en-estados-unidos\/","title":{"rendered":"Al menos dos muertos tras un tiroteo en un instituto de San Luis, en Estados Unidos"},"content":{"rendered":"<p><strong><em>MADRID, (EUROPA PRESS) &#8211;<\/em><\/strong><\/p>\n<p>&nbsp;<\/p>\n<p>Al menos dos mujeres han fallecido &#8211;adolescente y una adulta&#8211; y y otras varias han resultado heridas en un tiroteo registrado en un instituto de Educaci\u00f3n Secundaria de la ciudad de San Luis, en el estado estadounidense de Missouri.<\/p>\n<p>Seg\u00fan ha detallado el Departamento de Polic\u00eda Metropolitana de San Luis, el autor del tiroteo, un joven de unos 20 a\u00f1os, tambi\u00e9n ha fallecido, si bien en un primer momento se dio a conocer que hab\u00eda sido detenido por las autoridades.<\/p>\n<p>La voz de alerta se ha dado a primera hora de la ma\u00f1ana (hora local), cuando la Polic\u00eda de San Luis han informado de que un tirador con un arma larga en el interior de las instalaciones del centro educativo.<\/p>\n<p>Las autoridades han se\u00f1alado que la zona ya es segura y que no existe una \u00abamenaza activa\u00bb. Agentes del FBI y del Departamento de Alcohol, Tabaco, Armas de Fuego y Explosivos ya se encuentran en el lugar de los hechos.<\/p>\n<p>&nbsp;<\/p>\n<p>Fuente: EUROPA PRESS<\/p>\n<p>&nbsp;<\/p>\n","protected":false},"excerpt":{"rendered":"<p>MADRID, (EUROPA PRESS) &#8211; &nbsp; Al menos dos mujeres han <a href=\"https:\/\/sertv.gob.pa\/nacionalfm\/al-menos-dos-muertos-tras-un-tiroteo-en-un-instituto-de-san-luis-en-estados-unidos\/\"> [&#8230;]<\/a><\/p>\n","protected":false},"author":9,"featured_media":88722,"comment_status":"closed","ping_status":"closed","sticky":false,"template":"","format":"standard","meta":{"footnotes":""},"categories":[3],"tags":[],"class_list":["post-88721","post","type-post","status-publish","format-standard","has-post-thumbnail","hentry","category-internacionales"],"_links":{"self":[{"href":"https:\/\/sertv.gob.pa\/nacionalfm\/wp-json\/wp\/v2\/posts\/88721","targetHints":{"allow":["GET"]}}],"collection":[{"href":"https:\/\/sertv.gob.pa\/nacionalfm\/wp-json\/wp\/v2\/posts"}],"about":[{"href":"https:\/\/sertv.gob.pa\/nacionalfm\/wp-json\/wp\/v2\/types\/post"}],"author":[{"embeddable":true,"href":"https:\/\/sertv.gob.pa\/nacionalfm\/wp-json\/wp\/v2\/users\/9"}],"replies":[{"embeddable":true,"href":"https:\/\/sertv.gob.pa\/nacionalfm\/wp-json\/wp\/v2\/comments?post=88721"}],"version-history":[{"count":1,"href":"https:\/\/sertv.gob.pa\/nacionalfm\/wp-json\/wp\/v2\/posts\/88721\/revisions"}],"predecessor-version":[{"id":88723,"href":"https:\/\/sertv.gob.pa\/nacionalfm\/wp-json\/wp\/v2\/posts\/88721\/revisions\/88723"}],"wp:featuredmedia":[{"embeddable":true,"href":"https:\/\/sertv.gob.pa\/nacionalfm\/wp-json\/wp\/v2\/media\/88722"}],"wp:attachment":[{"href":"https:\/\/sertv.gob.pa\/nacionalfm\/wp-json\/wp\/v2\/media?parent=88721"}],"wp:term":[{"taxonomy":"category","embeddable":true,"href":"https:\/\/sertv.gob.pa\/nacionalfm\/wp-json\/wp\/v2\/categories?post=88721"},{"taxonomy":"post_tag","embeddable":true,"href":"https:\/\/sertv.gob.pa\/nacionalfm\/wp-json\/wp\/v2\/tags?post=88721"}],"curies":[{"name":"wp","href":"https:\/\/api.w.org\/{rel}","templated":true}]}}