{"id":88770,"date":"2022-10-25T20:08:05","date_gmt":"2022-10-25T20:08:05","guid":{"rendered":"https:\/\/sertv.gob.pa\/nacionalfm\/?p=88770"},"modified":"2022-10-25T20:08:05","modified_gmt":"2022-10-25T20:08:05","slug":"rishi-sunak-nuevo-primer-ministro-de-reino-unido-tras-reunirse-con-el-rey-carlos-iii","status":"publish","type":"post","link":"https:\/\/sertv.gob.pa\/nacionalfm\/rishi-sunak-nuevo-primer-ministro-de-reino-unido-tras-reunirse-con-el-rey-carlos-iii\/","title":{"rendered":"Rishi Sunak, nuevo primer ministro de Reino Unido tras reunirse con el rey Carlos III"},"content":{"rendered":"<p><strong><em>MADRID, (EUROPA PRESS) &#8211;<\/em><\/strong><\/p>\n<p>&nbsp;<\/p>\n<p>El l\u00edder del Partido Conservador de Reino Unido, Rishi Sunak, ha recibido este martes el encargo formal del rey Carlos III para convertirse en el nuevo primer ministro, lo que permite completar la transici\u00f3n pol\u00edtica tras siete semanas de mandato de Liz Truss.<\/p>\n<p>Sunak se convierte as\u00ed en el primer ministro n\u00famero 57 en la historia del pa\u00eds, el segundo del actual reinado, y en el m\u00e1s joven en ocupar el cargo en los \u00faltimos dos siglos. Ser\u00e1 el tercer inquilino de Downing Street este a\u00f1o, tras un proceso de selecci\u00f3n interna breve.<\/p>\n<p>Truss anunci\u00f3 el jueves de la semana pasada su dimisi\u00f3n y s\u00f3lo Sunak obtuvo los cien avales necesarios de sus compa\u00f1eros &#8216;tories&#8217; en la C\u00e1mara de los Comunes. En las pr\u00f3ximas horas anunciar\u00e1 los nombres que conformar\u00e1n el nuevo gabinete y, seg\u00fan la BBC, no se esperan cambios en el Ministerio de Finanzas, donde previsiblemente seguir\u00e1 Jeremy Hunt.<\/p>\n<p>&nbsp;<\/p>\n<p>Fuente: EUROPA PRESS<\/p>\n","protected":false},"excerpt":{"rendered":"<p>MADRID, (EUROPA PRESS) &#8211; &nbsp; El l\u00edder del Partido Conservador <a href=\"https:\/\/sertv.gob.pa\/nacionalfm\/rishi-sunak-nuevo-primer-ministro-de-reino-unido-tras-reunirse-con-el-rey-carlos-iii\/\"> [&#8230;]<\/a><\/p>\n","protected":false},"author":9,"featured_media":88771,"comment_status":"closed","ping_status":"closed","sticky":false,"template":"","format":"standard","meta":{"footnotes":""},"categories":[3],"tags":[],"class_list":["post-88770","post","type-post","status-publish","format-standard","has-post-thumbnail","hentry","category-internacionales"],"_links":{"self":[{"href":"https:\/\/sertv.gob.pa\/nacionalfm\/wp-json\/wp\/v2\/posts\/88770","targetHints":{"allow":["GET"]}}],"collection":[{"href":"https:\/\/sertv.gob.pa\/nacionalfm\/wp-json\/wp\/v2\/posts"}],"about":[{"href":"https:\/\/sertv.gob.pa\/nacionalfm\/wp-json\/wp\/v2\/types\/post"}],"author":[{"embeddable":true,"href":"https:\/\/sertv.gob.pa\/nacionalfm\/wp-json\/wp\/v2\/users\/9"}],"replies":[{"embeddable":true,"href":"https:\/\/sertv.gob.pa\/nacionalfm\/wp-json\/wp\/v2\/comments?post=88770"}],"version-history":[{"count":1,"href":"https:\/\/sertv.gob.pa\/nacionalfm\/wp-json\/wp\/v2\/posts\/88770\/revisions"}],"predecessor-version":[{"id":88772,"href":"https:\/\/sertv.gob.pa\/nacionalfm\/wp-json\/wp\/v2\/posts\/88770\/revisions\/88772"}],"wp:featuredmedia":[{"embeddable":true,"href":"https:\/\/sertv.gob.pa\/nacionalfm\/wp-json\/wp\/v2\/media\/88771"}],"wp:attachment":[{"href":"https:\/\/sertv.gob.pa\/nacionalfm\/wp-json\/wp\/v2\/media?parent=88770"}],"wp:term":[{"taxonomy":"category","embeddable":true,"href":"https:\/\/sertv.gob.pa\/nacionalfm\/wp-json\/wp\/v2\/categories?post=88770"},{"taxonomy":"post_tag","embeddable":true,"href":"https:\/\/sertv.gob.pa\/nacionalfm\/wp-json\/wp\/v2\/tags?post=88770"}],"curies":[{"name":"wp","href":"https:\/\/api.w.org\/{rel}","templated":true}]}}