{"id":88773,"date":"2022-10-25T20:14:59","date_gmt":"2022-10-25T20:14:59","guid":{"rendered":"https:\/\/sertv.gob.pa\/nacionalfm\/?p=88773"},"modified":"2022-10-25T20:14:59","modified_gmt":"2022-10-25T20:14:59","slug":"ucrania-informa-de-al-menos-dos-muertos-tras-un-ataque-ruso-contra-una-gasolinera-de-dnipro","status":"publish","type":"post","link":"https:\/\/sertv.gob.pa\/nacionalfm\/ucrania-informa-de-al-menos-dos-muertos-tras-un-ataque-ruso-contra-una-gasolinera-de-dnipro\/","title":{"rendered":"Ucrania informa de al menos dos muertos tras un ataque ruso contra una gasolinera de Dnipro"},"content":{"rendered":"<p><strong><em>MADRID, (EUROPA PRESS) &#8211;<\/em><\/strong><\/p>\n<p>&nbsp;<\/p>\n<p>Las autoridades de Ucrania han acusado a Rusia de lanzar una nueva ofensiva nocturna contra una gasolinera en la ciudad de Dnipro (centro-este) a consecuencia de la que, hasta el momento, se han confirmado dos muertos.<\/p>\n<p>El alcalde de la ciudad, Boris Filatov, ha informado de que una de las v\u00edctimas ha fallecido en el interior de su veh\u00edculo, mientras que otro ha perdido la vida en el lavadero de coches de la gasolinera, seg\u00fan recoge la agencia UNIAN.<\/p>\n<p>Asimismo, la noticia del bombardeo nocturno ha sido confirmada por la Oficina de la Presidencia de Ucrania. Por su parte, el gobierno de la regi\u00f3n de Dnipropetrovsk ha cifrado en tres las personas heridas, si bien ha incidido en que a\u00fan son datos preliminares.<\/p>\n<p>El gobernador regional, Valentin Reznichenko, ha informado de que las tropas rusas tambi\u00e9n han atacado con artiller\u00eda pesada y drones kamikaze las localidades de Nikopolska, Marganetska y Mirivska, seg\u00fan detalla Ukrinform.<\/p>\n<p><strong>DOS MUERTOS EN JERS\u00d3N<\/strong><\/p>\n<p>Anteriormente, las autoridades ucranianas de la regi\u00f3n de Jers\u00f3n, recientemente anexada por Rusia, han denunciado la muerte de dos civiles al recibir el veh\u00edculo en el que viajaban el disparo de un misil de las Fuerzas Armadas rusas.<\/p>\n<p>El alcalde de Olesok, Yevhen Rischuk, ha detallado en Facebook lo ocurrido, apuntando que una de las v\u00edctimas perdi\u00f3 la vida en el acto y el otro falleci\u00f3 ya en el hospital. Adem\u00e1s ha informado de que en el lugar de los hechos se ha encontrado a una ni\u00f1a de cinco a\u00f1os herida.<\/p>\n<p>&nbsp;<\/p>\n<p>Fuente: EUROPA PRESS<\/p>\n","protected":false},"excerpt":{"rendered":"<p>MADRID, (EUROPA PRESS) &#8211; &nbsp; Las autoridades de Ucrania han <a href=\"https:\/\/sertv.gob.pa\/nacionalfm\/ucrania-informa-de-al-menos-dos-muertos-tras-un-ataque-ruso-contra-una-gasolinera-de-dnipro\/\"> [&#8230;]<\/a><\/p>\n","protected":false},"author":9,"featured_media":88774,"comment_status":"closed","ping_status":"closed","sticky":false,"template":"","format":"standard","meta":{"footnotes":""},"categories":[3],"tags":[],"class_list":["post-88773","post","type-post","status-publish","format-standard","has-post-thumbnail","hentry","category-internacionales"],"_links":{"self":[{"href":"https:\/\/sertv.gob.pa\/nacionalfm\/wp-json\/wp\/v2\/posts\/88773","targetHints":{"allow":["GET"]}}],"collection":[{"href":"https:\/\/sertv.gob.pa\/nacionalfm\/wp-json\/wp\/v2\/posts"}],"about":[{"href":"https:\/\/sertv.gob.pa\/nacionalfm\/wp-json\/wp\/v2\/types\/post"}],"author":[{"embeddable":true,"href":"https:\/\/sertv.gob.pa\/nacionalfm\/wp-json\/wp\/v2\/users\/9"}],"replies":[{"embeddable":true,"href":"https:\/\/sertv.gob.pa\/nacionalfm\/wp-json\/wp\/v2\/comments?post=88773"}],"version-history":[{"count":1,"href":"https:\/\/sertv.gob.pa\/nacionalfm\/wp-json\/wp\/v2\/posts\/88773\/revisions"}],"predecessor-version":[{"id":88775,"href":"https:\/\/sertv.gob.pa\/nacionalfm\/wp-json\/wp\/v2\/posts\/88773\/revisions\/88775"}],"wp:featuredmedia":[{"embeddable":true,"href":"https:\/\/sertv.gob.pa\/nacionalfm\/wp-json\/wp\/v2\/media\/88774"}],"wp:attachment":[{"href":"https:\/\/sertv.gob.pa\/nacionalfm\/wp-json\/wp\/v2\/media?parent=88773"}],"wp:term":[{"taxonomy":"category","embeddable":true,"href":"https:\/\/sertv.gob.pa\/nacionalfm\/wp-json\/wp\/v2\/categories?post=88773"},{"taxonomy":"post_tag","embeddable":true,"href":"https:\/\/sertv.gob.pa\/nacionalfm\/wp-json\/wp\/v2\/tags?post=88773"}],"curies":[{"name":"wp","href":"https:\/\/api.w.org\/{rel}","templated":true}]}}