{"id":88787,"date":"2022-10-26T14:37:35","date_gmt":"2022-10-26T14:37:35","guid":{"rendered":"https:\/\/sertv.gob.pa\/nacionalfm\/?p=88787"},"modified":"2022-10-26T14:37:35","modified_gmt":"2022-10-26T14:37:35","slug":"presidente-de-la-republica-designa-a-ariadne-garcia-como-magistrada-de-la-corte-suprema-de-justicia-sala-segunda-de-lo-penal","status":"publish","type":"post","link":"https:\/\/sertv.gob.pa\/nacionalfm\/presidente-de-la-republica-designa-a-ariadne-garcia-como-magistrada-de-la-corte-suprema-de-justicia-sala-segunda-de-lo-penal\/","title":{"rendered":"Presidente de la Rep\u00fablica designa a Ariadne Garc\u00eda como Magistrada de la Corte Suprema de Justicia, Sala Segunda de lo Penal"},"content":{"rendered":"<ul>\n<li>El mandatario Cortizo Cohen expres\u00f3 que esta designaci\u00f3n contribuye al fortalecimiento de la justicia.<\/li>\n<li>Cortizo Cohen tambi\u00e9n design\u00f3 al Magistrado Suplente de la Sala Segunda de lo Penal y a la Magistrada Suplente de la Sala Primera de lo Civil.<\/li>\n<\/ul>\n<p>&nbsp;<\/p>\n<p><strong>Panam\u00e1, 25 de octubre de 2022.<\/strong> El Presidente de la Rep\u00fablica, Laurentino Cortizo Cohen y los miembros del Gabinete acordaron el nombramiento de Ariadne Garc\u00eda, como Magistrada de la Corte Suprema de Justicia, Sala Segunda de lo Penal, designaci\u00f3n que debe ser ratificada por la Asamblea Nacional.<\/p>\n<p>Para ocupar este cargo, el Consejo de Gabinete, hizo una convocatoria p\u00fablica para todos los profesionales del derecho que aspiraban a ocupar dicho cargo que quedar\u00edan vacantes a partir del 31 de diciembre de 2022.<\/p>\n<p>Garc\u00eda cuenta con m\u00e1s de 32 a\u00f1os como Servidora Judicial de Carrera. Funge como magistrada suplente de la Sala Primera de lo civil desde octubre del 2021, designada por Cortizo Cohen.<\/p>\n<p>Al hacer la presentaci\u00f3n de la nueva magistrada, Jos\u00e9 Gabriel Carrizo vicepresidente de la Rep\u00fablica y ministro de la Presidencia, indic\u00f3 que este es el sexto nombramiento hecho por el Presidente de la Rep\u00fablica y su \u00faltima designaci\u00f3n de Magistrados de la Corte Suprema y la quinta mujer que designa en el cargo, seg\u00fan mandato constitucional.<\/p>\n<p>Carrizo agreg\u00f3 que el mandatario Cortizo Cohen ha cumplido su palabra de nombrar magistrados independientes y con criterio, as\u00ed como dotar de autonom\u00eda financiera al \u00d3rgano Judicial, tal como se hizo ayer durante la presentaci\u00f3n del Presupuesto aprobando 100% de lo solicitado por este \u00d3rgano, cumpliendo as\u00ed con el Plan de Acci\u00f3n Uniendo Fuerzas.<\/p>\n<p>La nueva magistrada designada, obtuvo una Maestr\u00eda en Derecho Penal y Derecho Procesal Penal en el Instituto de Estudio e Investigaci\u00f3n Jur\u00eddica de Managua, Nicaragua. Maestr\u00eda en Derecho de Familia Ni\u00f1ez y Adolescencia de la Universidad Interamericana de Educaci\u00f3n a Distancia de Panam\u00e1.<\/p>\n<p>Adem\u00e1s, cuenta con un Postgrado en Derecho Procesal Penal con menci\u00f3n en los Principios Constitucionales que fundamentan el Sistema Acusatorio, obtenido en el Instituto de Estudio e Investigaci\u00f3n Jur\u00eddica de Managua, Nicaragua; Postgrado en Derecho procesal, Universidad Interamericana de Educaci\u00f3n a Distancia de Panam\u00e1; Postgrado en Derecho, Universidad de Panam\u00e1; Postgrado en Docencia Superior, Universidad Latina de Panam\u00e1; Licenciatura en Derecho y Ciencias Pol\u00edticas de la Universidad de Panam\u00e1.<\/p>\n<p>Cuenta con certificaci\u00f3n de competencia para Magistrado de Tribunal Superior Civil, Instituto Superior de la Judicatura de Panam\u00e1.<\/p>\n<p>En cuanto a su experiencia profesional, ocupa el cargo de Magistrada Suplente de la Sala Primera de lo Civil de la Corte Suprema de Justicia (periodo 2022-2032).<\/p>\n<p>Magistrada del Primer Tribunal Superior del Primer Distrito Judicial de Panam\u00e1 desde febrero de 2022 a la fecha.<\/p>\n<p>Suplente de Magistrado en el Tribunal Superior de Justicia del Segundo Distrito Judicial (Cocl\u00e9 y Veraguas), Tribunal Mixto (Civil y penal) y del Tribunal de Apelaciones del Cuarto Distrito Judicial, del Sistema Penal Acusatorio.<\/p>\n<p>Ha ocupado el cargo de Juez Titular de Ni\u00f1ez y Adolescencia de la provincia de Los Santos durante 27 a\u00f1os, 1994- 2021 (por concurso), conociendo materias de familia, ni\u00f1ez y penal.<\/p>\n<p>Secretaria Judicial y Juez Suplente del Juzgado Seccional de Menores de Provincias Centrales, 1990-1994.<\/p>\n<p>Cuenta adem\u00e1s con 28 a\u00f1os como docente a nivel de licenciatura y maestr\u00eda en la Facultad de Derecho y Ciencias Pol\u00edticas de la Universidad Latina de Chitr\u00e9, del Centro Regional Universitario de Los Santos y en la Universidad Interamericana de Educaci\u00f3n a Distancia de Panam\u00e1, docente a nivel de T\u00e9cnico Superior en el Instituto Superior de la Judicatura de Panam\u00e1, Doctor C\u00e9sar Augusto Quintero Correa.<\/p>\n<p>Cortizo Cohen tambi\u00e9n design\u00f3 a Manuel Mata Avenda\u00f1o, Magistrado Suplente de la Sala Segunda de lo Penal. Mata Avenda\u00f1o es abogado con experiencia de m\u00e1s de 25 a\u00f1os en la administraci\u00f3n de justicia en el \u00d3rgano Judicial, \u00e1rea penal.<\/p>\n<p>Tiene una Maestr\u00eda en Derecho Penal y Procesal Penal, I.N.E.U. 2019-2021, Postgrado en Sistema Penal Acusatorio, Diplomado en Direcci\u00f3n del Servicio Nacional de Facilitadores Judiciales de la Universidad de Panama, 2014, Maestr\u00eda en Derecho Procesal Penal, ISAE y Especialista en Derecho Procesal. ISAE Universidad. 2008-2009 Licenciado en Derecho y Ciencias Pol\u00edticas en 1988-1994 y Especialista en Derecho Laboral, ambos de la Universidad Santa Maria La Antigua.<\/p>\n<p>Actualmente es Magistrado del Tribunal Superior de Liquidaci\u00f3n de Causas Penales del Primer Distrito Judicial de la Provincia de Panama. Fue Juez Titular de Garant\u00edas del Tercer Circuito Judicial de la Provincia de Panam\u00e1 Oeste, La Chorrera, de diciembre de 2020 al 15 de febrero de 2022.<\/p>\n<p>Magistrado Suplente Encargado en las ocho (8) despachos de los Magistrados del Antiguo Segundo Tribunal Superior de Justicia y cuatro (4) despachos del Tribunal Superior de Apelaciones del Primer Distrito Judicial de Panama2016 a 2020.<\/p>\n<p>Juez Titular del Juzgado Tercero de Circuito Penal del Primer Circuito Judicial de la Provincia de Panama de 2014 a 2020 y Juez Cuarto de Circuito Penal del Primer Circuito Judicial de la Provincia de Panam\u00e1,2014, entre muchos otros cargos como Juez en todo el pa\u00eds.<\/p>\n<p>Cuenta con un Curso de KCCP (Knowledge Co Creation Program), Respuesta de la justicia penal a la corrupci\u00f3n- Japan International Cooperation Agency, Tokio, Jap\u00f3n (JICA)- septiembre a octubre de 2021 y varios seminarios en materia judicial.<\/p>\n<p>Finalmente, Lilianne M. Ducruet N. fue designada hoy por el Consejo de Gabinete, como Magistrada Suplente de la Sala Primera de lo Civil. Su formaci\u00f3n acad\u00e9mica incluye una Maestr\u00eda en Derecho Procesal de la Universidad Interamericana de Panam\u00e1 en 2007, Postgrado en Mediaci\u00f3n y Negociaci\u00f3n de la Universidad Tecnol\u00f3gica de Panam\u00e1 en 2005 y cuenta adem\u00e1s con una Maestr\u00eda en Derecho con Especializaci\u00f3n en Derecho Procesal Universidad de Panam\u00e1 en 2004 y Licenciatura en Derecho y Ciencias Pol\u00edticas Universidad de Panam\u00e1 1993.<\/p>\n<p>En la actualidad es Magistrada Titular por Carrera. Primer Tribunal Superior Civil, desde septiembre de 2018.<\/p>\n<p>Fue Magistrada Interina del Primer Tribunal Superior Civil; Magistrada Suplente Primer Tribunal Superior Civil, Asistente de Magistrado, Juez Suplente, Juzgado Noveno de Circuito Civil y Asistente de Magistrado, Corte Suprema de Justicia.<\/p>\n<p>&nbsp;<\/p>\n<p>Fuente: Presidencia de la Rep\u00fablica de Panam\u00e1<\/p>\n","protected":false},"excerpt":{"rendered":"<p>El mandatario Cortizo Cohen expres\u00f3 que esta designaci\u00f3n contribuye al <a href=\"https:\/\/sertv.gob.pa\/nacionalfm\/presidente-de-la-republica-designa-a-ariadne-garcia-como-magistrada-de-la-corte-suprema-de-justicia-sala-segunda-de-lo-penal\/\"> [&#8230;]<\/a><\/p>\n","protected":false},"author":9,"featured_media":88788,"comment_status":"closed","ping_status":"closed","sticky":false,"template":"","format":"standard","meta":{"footnotes":""},"categories":[2],"tags":[],"class_list":["post-88787","post","type-post","status-publish","format-standard","has-post-thumbnail","hentry","category-nacionales"],"_links":{"self":[{"href":"https:\/\/sertv.gob.pa\/nacionalfm\/wp-json\/wp\/v2\/posts\/88787","targetHints":{"allow":["GET"]}}],"collection":[{"href":"https:\/\/sertv.gob.pa\/nacionalfm\/wp-json\/wp\/v2\/posts"}],"about":[{"href":"https:\/\/sertv.gob.pa\/nacionalfm\/wp-json\/wp\/v2\/types\/post"}],"author":[{"embeddable":true,"href":"https:\/\/sertv.gob.pa\/nacionalfm\/wp-json\/wp\/v2\/users\/9"}],"replies":[{"embeddable":true,"href":"https:\/\/sertv.gob.pa\/nacionalfm\/wp-json\/wp\/v2\/comments?post=88787"}],"version-history":[{"count":1,"href":"https:\/\/sertv.gob.pa\/nacionalfm\/wp-json\/wp\/v2\/posts\/88787\/revisions"}],"predecessor-version":[{"id":88793,"href":"https:\/\/sertv.gob.pa\/nacionalfm\/wp-json\/wp\/v2\/posts\/88787\/revisions\/88793"}],"wp:featuredmedia":[{"embeddable":true,"href":"https:\/\/sertv.gob.pa\/nacionalfm\/wp-json\/wp\/v2\/media\/88788"}],"wp:attachment":[{"href":"https:\/\/sertv.gob.pa\/nacionalfm\/wp-json\/wp\/v2\/media?parent=88787"}],"wp:term":[{"taxonomy":"category","embeddable":true,"href":"https:\/\/sertv.gob.pa\/nacionalfm\/wp-json\/wp\/v2\/categories?post=88787"},{"taxonomy":"post_tag","embeddable":true,"href":"https:\/\/sertv.gob.pa\/nacionalfm\/wp-json\/wp\/v2\/tags?post=88787"}],"curies":[{"name":"wp","href":"https:\/\/api.w.org\/{rel}","templated":true}]}}