{"id":88826,"date":"2022-10-26T20:07:23","date_gmt":"2022-10-26T20:07:23","guid":{"rendered":"https:\/\/sertv.gob.pa\/nacionalfm\/?p=88826"},"modified":"2022-10-26T20:07:23","modified_gmt":"2022-10-26T20:07:23","slug":"rescatados-mas-de-1-100-migrantes-en-dos-operaciones-de-la-guardia-costera-italiana","status":"publish","type":"post","link":"https:\/\/sertv.gob.pa\/nacionalfm\/rescatados-mas-de-1-100-migrantes-en-dos-operaciones-de-la-guardia-costera-italiana\/","title":{"rendered":"Rescatados m\u00e1s de 1.100 migrantes en dos operaciones de la Guardia Costera italiana"},"content":{"rendered":"<p><strong><em>MADRID, (EUROPA PRESS) &#8211;<\/em><\/strong><\/p>\n<p>&nbsp;<\/p>\n<p>M\u00e1s de 1.100 migrantes y refugiados han sido rescatados en dos operaciones coordinadas por la Guardia Costera italiana en las \u00faltimas horas, en una intervenci\u00f3n sin apenas precedentes que coincide con los avisos del nuevo Gobierno de Italia contra la inmigraci\u00f3n irregular.<\/p>\n<p>La Guardia Costera ha reconocido en un comunicado que fueron operaciones \u00abcomplejas\u00bb, destinadas a salvar a migrantes que hab\u00edan partido desde la costa de Libia a bordo de embarcaciones supuestamente destinadas a la pesca.<\/p>\n<p>La primera de ellas se realiz\u00f3 a unas 35 millas de la costa. Un barco de la Guardia Costera subi\u00f3 a bordo a 416 personas, mientras que una patrullera espa\u00f1ola vinculada a la misi\u00f3n de vigilancia de a la agencia europea Frontex recuper\u00f3 a otras 78.<\/p>\n<p>Por otra parte, ya este mi\u00e9rcoles de madrugada, los guardacostas italianos recuperaron a 663 migrantes a unas 60 millas de la costa. \u00abSe recuperaron dos cuerpos sin vida\u00bb, ha informado la instituci\u00f3n.<\/p>\n<p>La primera ministra italiana, Giorgia Meloni, ya advirti\u00f3 el martes en su primer discurso ante la C\u00e1mara de Diputados que endurecer\u00eda las pol\u00edticas migratorias, bajo el pretexto de luchar contra las mafias. Entre sus propuestas, figura instalar centros fuera de Italia que ayuden a verificar las necesidades de los migrantes.<\/p>\n<p>La Liga, que controla el Ministerio del Interior, ya aplic\u00f3 en su primera etapa en este departamento una doctrina de &#8216;puertos cerrados&#8217; para los barcos de las ONG, varios de los cuales siguen activos en el Mediterr\u00e1neo central. \u00abEste gobierno pretende que se cumplan las reglas y las fronteras\u00bb, ha subrayado en Twitter el l\u00edder de este partido, Matteo Salvini.<\/p>\n<p>Las autoridades italianas estiman que este a\u00f1o han llegado a las costas unos 80.000 migrantes. La Organizaci\u00f3n Internacional para las Migraciones (OIM), por su parte, calcula que en este tiempo unas 1.300 personas han perecido por el camino, muertos o desaparecidos en la zona central del Mediterr\u00e1neo.<\/p>\n<p>&nbsp;<\/p>\n<p>Fuente: EUROPA PRESS<\/p>\n","protected":false},"excerpt":{"rendered":"<p>MADRID, (EUROPA PRESS) &#8211; &nbsp; M\u00e1s de 1.100 migrantes y <a href=\"https:\/\/sertv.gob.pa\/nacionalfm\/rescatados-mas-de-1-100-migrantes-en-dos-operaciones-de-la-guardia-costera-italiana\/\"> [&#8230;]<\/a><\/p>\n","protected":false},"author":9,"featured_media":88827,"comment_status":"closed","ping_status":"closed","sticky":false,"template":"","format":"standard","meta":{"footnotes":""},"categories":[3],"tags":[],"class_list":["post-88826","post","type-post","status-publish","format-standard","has-post-thumbnail","hentry","category-internacionales"],"_links":{"self":[{"href":"https:\/\/sertv.gob.pa\/nacionalfm\/wp-json\/wp\/v2\/posts\/88826","targetHints":{"allow":["GET"]}}],"collection":[{"href":"https:\/\/sertv.gob.pa\/nacionalfm\/wp-json\/wp\/v2\/posts"}],"about":[{"href":"https:\/\/sertv.gob.pa\/nacionalfm\/wp-json\/wp\/v2\/types\/post"}],"author":[{"embeddable":true,"href":"https:\/\/sertv.gob.pa\/nacionalfm\/wp-json\/wp\/v2\/users\/9"}],"replies":[{"embeddable":true,"href":"https:\/\/sertv.gob.pa\/nacionalfm\/wp-json\/wp\/v2\/comments?post=88826"}],"version-history":[{"count":1,"href":"https:\/\/sertv.gob.pa\/nacionalfm\/wp-json\/wp\/v2\/posts\/88826\/revisions"}],"predecessor-version":[{"id":88828,"href":"https:\/\/sertv.gob.pa\/nacionalfm\/wp-json\/wp\/v2\/posts\/88826\/revisions\/88828"}],"wp:featuredmedia":[{"embeddable":true,"href":"https:\/\/sertv.gob.pa\/nacionalfm\/wp-json\/wp\/v2\/media\/88827"}],"wp:attachment":[{"href":"https:\/\/sertv.gob.pa\/nacionalfm\/wp-json\/wp\/v2\/media?parent=88826"}],"wp:term":[{"taxonomy":"category","embeddable":true,"href":"https:\/\/sertv.gob.pa\/nacionalfm\/wp-json\/wp\/v2\/categories?post=88826"},{"taxonomy":"post_tag","embeddable":true,"href":"https:\/\/sertv.gob.pa\/nacionalfm\/wp-json\/wp\/v2\/tags?post=88826"}],"curies":[{"name":"wp","href":"https:\/\/api.w.org\/{rel}","templated":true}]}}