{"id":88829,"date":"2022-10-26T20:36:59","date_gmt":"2022-10-26T20:36:59","guid":{"rendered":"https:\/\/sertv.gob.pa\/nacionalfm\/?p=88829"},"modified":"2022-10-26T20:36:59","modified_gmt":"2022-10-26T20:36:59","slug":"al-menos-15-muertos-y-40-heridos-por-un-tiroteo-en-una-mezquita-en-shiraz-en-el-suroeste-de-iran","status":"publish","type":"post","link":"https:\/\/sertv.gob.pa\/nacionalfm\/al-menos-15-muertos-y-40-heridos-por-un-tiroteo-en-una-mezquita-en-shiraz-en-el-suroeste-de-iran\/","title":{"rendered":"Al menos 15 muertos y 40 heridos por un tiroteo en una mezquita en Shiraz, en el suroeste de Ir\u00e1n"},"content":{"rendered":"<p><strong><em>MADRID, (EUROPA PRESS) &#8211;<\/em><\/strong><\/p>\n<p>&nbsp;<\/p>\n<p>Al menos 15 personas han fallecido y otras 40 han resultado heridas como consecuencia de un ataque armado contra la mezquita de Shah Cheragh de la ciudad de Shiraz, ubicada en el sureste de Ir\u00e1n.<\/p>\n<p>Seg\u00fan ha detallado un responsable de Seguridad, Asuntos Pol\u00edticos y Sociales de la gobernaci\u00f3n de Fars, Ismail Mohebipour, el suceso se ha producido mientras los fieles realizaban sus oraciones, informa la agencia de noticias ISNA.<\/p>\n<p>El propio Mohebipour ha incidido en que la situaci\u00f3n ya est\u00e1 controlada por las autoridades de seguridad, que han logrado detener a dos de los tres presuntos autores del tiroteo.<\/p>\n<p>Fuentes de seguridad consultadas por mencionada agencia han apuntado que los supuestos autores del ataque ser\u00edan takfiris, adjetivo con el que se designa a los musulmanes que acusan a otros de apostas\u00eda, negando as\u00ed la condici\u00f3n de verdaderos fieles a aquellos con muestras de fe diferentes a las propias.<\/p>\n<p>Este suceso se ha producido en un d\u00eda en que varias ciudades de Ir\u00e1n han sido de nuevo escenario de numerosas movilizaciones en contra del Gobierno, justo en la jornada en que se cumplen 40 d\u00edas de la muerte de la joven kurda Masha Amini bajo custodia policial.<\/p>\n<p>&nbsp;<\/p>\n<p>Fuente: EUROPA PRESS<\/p>\n","protected":false},"excerpt":{"rendered":"<p>MADRID, (EUROPA PRESS) &#8211; &nbsp; Al menos 15 personas han <a href=\"https:\/\/sertv.gob.pa\/nacionalfm\/al-menos-15-muertos-y-40-heridos-por-un-tiroteo-en-una-mezquita-en-shiraz-en-el-suroeste-de-iran\/\"> [&#8230;]<\/a><\/p>\n","protected":false},"author":9,"featured_media":88830,"comment_status":"closed","ping_status":"closed","sticky":false,"template":"","format":"standard","meta":{"footnotes":""},"categories":[3],"tags":[],"class_list":["post-88829","post","type-post","status-publish","format-standard","has-post-thumbnail","hentry","category-internacionales"],"_links":{"self":[{"href":"https:\/\/sertv.gob.pa\/nacionalfm\/wp-json\/wp\/v2\/posts\/88829","targetHints":{"allow":["GET"]}}],"collection":[{"href":"https:\/\/sertv.gob.pa\/nacionalfm\/wp-json\/wp\/v2\/posts"}],"about":[{"href":"https:\/\/sertv.gob.pa\/nacionalfm\/wp-json\/wp\/v2\/types\/post"}],"author":[{"embeddable":true,"href":"https:\/\/sertv.gob.pa\/nacionalfm\/wp-json\/wp\/v2\/users\/9"}],"replies":[{"embeddable":true,"href":"https:\/\/sertv.gob.pa\/nacionalfm\/wp-json\/wp\/v2\/comments?post=88829"}],"version-history":[{"count":1,"href":"https:\/\/sertv.gob.pa\/nacionalfm\/wp-json\/wp\/v2\/posts\/88829\/revisions"}],"predecessor-version":[{"id":88831,"href":"https:\/\/sertv.gob.pa\/nacionalfm\/wp-json\/wp\/v2\/posts\/88829\/revisions\/88831"}],"wp:featuredmedia":[{"embeddable":true,"href":"https:\/\/sertv.gob.pa\/nacionalfm\/wp-json\/wp\/v2\/media\/88830"}],"wp:attachment":[{"href":"https:\/\/sertv.gob.pa\/nacionalfm\/wp-json\/wp\/v2\/media?parent=88829"}],"wp:term":[{"taxonomy":"category","embeddable":true,"href":"https:\/\/sertv.gob.pa\/nacionalfm\/wp-json\/wp\/v2\/categories?post=88829"},{"taxonomy":"post_tag","embeddable":true,"href":"https:\/\/sertv.gob.pa\/nacionalfm\/wp-json\/wp\/v2\/tags?post=88829"}],"curies":[{"name":"wp","href":"https:\/\/api.w.org\/{rel}","templated":true}]}}