{"id":88880,"date":"2022-10-27T19:52:57","date_gmt":"2022-10-27T19:52:57","guid":{"rendered":"https:\/\/sertv.gob.pa\/nacionalfm\/?p=88880"},"modified":"2022-10-27T19:52:57","modified_gmt":"2022-10-27T19:52:57","slug":"tedros-se-muestra-preocupado-por-el-aumento-de-casos-de-ebola-en-uganda","status":"publish","type":"post","link":"https:\/\/sertv.gob.pa\/nacionalfm\/tedros-se-muestra-preocupado-por-el-aumento-de-casos-de-ebola-en-uganda\/","title":{"rendered":"Tedros se muestra preocupado por el aumento de casos de \u00e9bola en Uganda"},"content":{"rendered":"<p><strong><em>MADRID, (EUROPA PRESS) &#8211;<\/em><\/strong><\/p>\n<p>&nbsp;<\/p>\n<p>El director general de la Organizaci\u00f3n Mundial de la Salud (OMS), Tedros Adhanom Ghebreyesus, se ha mostrado preocupado por el aumento de casos de \u00e9bola en Uganda, a pesar de la respuesta de las autoridades sanitarias del pa\u00eds.<\/p>\n<p>\u00abEl progreso en la contenci\u00f3n del \u00e9bola en el epicentro original en Uganda es bienvenido, pero el aumento de casos en nuevas \u00e1reas geogr\u00e1ficas, incluidos los centros urbanos, es preocupante\u00bb, ha expresado Tedros en una serie de mensajes publicados en su perfil de la red social Twitter.<\/p>\n<p>En este sentido, el jefe de la OMS ha advertido de que el control del virus \u00abpuede ser complejo y requiere esfuerzos coordinados y sostenidos\u00bb con el fin de interrumpir la transmisi\u00f3n.<\/p>\n<p>Tedros ha reconocido la labor de la ministra de Sanidad ugandesa, Jane Ruth Aceng Ocero, y ha celebrado la medida anunciada este mi\u00e9rcoles por su cartera ministerial que propone ensayos de candidatos vacunales, que se celebrar\u00e1n en un principio en Sud\u00e1n.<\/p>\n<p>\u00abLa participaci\u00f3n de los investigadores de Uganda en estos ensayos es clave para desarrollar capacidades para vacunas seguras y efectivas\u00bb, ha declarado el director general de la Organizaci\u00f3n.<\/p>\n<p>As\u00ed, Tedros ha considerado que la cooperaci\u00f3n entre los pa\u00edses vecinos \u00abes muy importante\u00bb, por la complejidad que requiere una respuesta al \u00e9bola &#8211;que requiere acceso a atenci\u00f3n m\u00e9dica y tratamientos, rastreo de contactos, entierros seguros y ensayos de vacunas&#8211;, que \u00abrequiere que todas las partes interesadas trabajen conjunta y abiertamente y permanezcan en alerta\u00bb.<\/p>\n<p>\u00abTrabajando solidariamente y siguiendo el liderazgo del Ministerio de Sanidad de Uganda, podemos poner fin a este brote\u00bb, ha asegurado Tedros, quien ha confirmado que la OMS est\u00e1 apoyando las necesidades de las autoridades sanitarias en el pa\u00eds.<\/p>\n<p>\u00abEstamos listos para desplegar m\u00e1s expertos para fortalecer todos los aspectos de la respuesta al \u00e9bola en Uganda\u00bb, ha agregado.<\/p>\n<p>&nbsp;<\/p>\n<p>Fuente: EUROPA PRESS<\/p>\n<p>&nbsp;<\/p>\n<p>&nbsp;<\/p>\n","protected":false},"excerpt":{"rendered":"<p>MADRID, (EUROPA PRESS) &#8211; &nbsp; El director general de la <a href=\"https:\/\/sertv.gob.pa\/nacionalfm\/tedros-se-muestra-preocupado-por-el-aumento-de-casos-de-ebola-en-uganda\/\"> [&#8230;]<\/a><\/p>\n","protected":false},"author":9,"featured_media":54633,"comment_status":"closed","ping_status":"closed","sticky":false,"template":"","format":"standard","meta":{"footnotes":""},"categories":[3],"tags":[],"class_list":["post-88880","post","type-post","status-publish","format-standard","has-post-thumbnail","hentry","category-internacionales"],"_links":{"self":[{"href":"https:\/\/sertv.gob.pa\/nacionalfm\/wp-json\/wp\/v2\/posts\/88880","targetHints":{"allow":["GET"]}}],"collection":[{"href":"https:\/\/sertv.gob.pa\/nacionalfm\/wp-json\/wp\/v2\/posts"}],"about":[{"href":"https:\/\/sertv.gob.pa\/nacionalfm\/wp-json\/wp\/v2\/types\/post"}],"author":[{"embeddable":true,"href":"https:\/\/sertv.gob.pa\/nacionalfm\/wp-json\/wp\/v2\/users\/9"}],"replies":[{"embeddable":true,"href":"https:\/\/sertv.gob.pa\/nacionalfm\/wp-json\/wp\/v2\/comments?post=88880"}],"version-history":[{"count":1,"href":"https:\/\/sertv.gob.pa\/nacionalfm\/wp-json\/wp\/v2\/posts\/88880\/revisions"}],"predecessor-version":[{"id":88881,"href":"https:\/\/sertv.gob.pa\/nacionalfm\/wp-json\/wp\/v2\/posts\/88880\/revisions\/88881"}],"wp:featuredmedia":[{"embeddable":true,"href":"https:\/\/sertv.gob.pa\/nacionalfm\/wp-json\/wp\/v2\/media\/54633"}],"wp:attachment":[{"href":"https:\/\/sertv.gob.pa\/nacionalfm\/wp-json\/wp\/v2\/media?parent=88880"}],"wp:term":[{"taxonomy":"category","embeddable":true,"href":"https:\/\/sertv.gob.pa\/nacionalfm\/wp-json\/wp\/v2\/categories?post=88880"},{"taxonomy":"post_tag","embeddable":true,"href":"https:\/\/sertv.gob.pa\/nacionalfm\/wp-json\/wp\/v2\/tags?post=88880"}],"curies":[{"name":"wp","href":"https:\/\/api.w.org\/{rel}","templated":true}]}}