{"id":88936,"date":"2022-10-28T18:09:36","date_gmt":"2022-10-28T18:09:36","guid":{"rendered":"https:\/\/sertv.gob.pa\/nacionalfm\/?p=88936"},"modified":"2022-10-28T18:09:36","modified_gmt":"2022-10-28T18:09:36","slug":"msf-anuncia-el-rescate-de-mas-de-un-centenar-de-migrantes-entre-ellos-22-ninos-en-el-mediterraneo-central","status":"publish","type":"post","link":"https:\/\/sertv.gob.pa\/nacionalfm\/msf-anuncia-el-rescate-de-mas-de-un-centenar-de-migrantes-entre-ellos-22-ninos-en-el-mediterraneo-central\/","title":{"rendered":"MSF anuncia el rescate de m\u00e1s de un centenar de migrantes, entre ellos 22 ni\u00f1os, en el Mediterr\u00e1neo central"},"content":{"rendered":"<p><strong><em>MADRID, (EUROPA PRESS) &#8211;<\/em><\/strong><\/p>\n<p>&nbsp;<\/p>\n<p>El barco de rescate &#8216;Geo Barents&#8217; de M\u00e9dicos sin Fronteras ha anunciado este viernes el rescate de 103 personas, entre ellas 22 ni\u00f1os, que navegaban a la deriva en aguas del Mediterr\u00e1neo central.<\/p>\n<p>El equipo de salvamento de la ONG actu\u00f3 tras recibir una alerta sobre un barco de madera en peligro donde navegaban los migrantes, entre ellos un hombre herido con una pierna rota.<\/p>\n<p>MSF ha aprovechado para criticar la actuaci\u00f3n del Ej\u00e9rcito malt\u00e9s por \u00abdescuidar su obligaci\u00f3n legal de coordinar estos rescates y brindar asistencia, a pesar de que las autoridades pertinentes fueron informadas todo el tiempo\u00bb.<\/p>\n<p>La ONG lamenta que \u00absin los esfuerzos conjuntos de los equipos de rescate\u00bb de las organizaciones humanitarias \u00ab371 personas podr\u00edan haberse ahogado en menos de un d\u00eda\u00bb, seg\u00fan un mensaje publicado en su cuenta de Twitter.<\/p>\n<p>\u00abLa indiferencia y la falta de coordinaci\u00f3n de las autoridades competentes es inaceptable\u00bb, lamenta.<\/p>\n<p>&nbsp;<\/p>\n<p>Fuente: EUROPA PRESS<\/p>\n<p>&nbsp;<\/p>\n","protected":false},"excerpt":{"rendered":"<p>MADRID, (EUROPA PRESS) &#8211; &nbsp; El barco de rescate &#8216;Geo <a href=\"https:\/\/sertv.gob.pa\/nacionalfm\/msf-anuncia-el-rescate-de-mas-de-un-centenar-de-migrantes-entre-ellos-22-ninos-en-el-mediterraneo-central\/\"> [&#8230;]<\/a><\/p>\n","protected":false},"author":9,"featured_media":88937,"comment_status":"closed","ping_status":"closed","sticky":false,"template":"","format":"standard","meta":{"footnotes":""},"categories":[3],"tags":[],"class_list":["post-88936","post","type-post","status-publish","format-standard","has-post-thumbnail","hentry","category-internacionales"],"_links":{"self":[{"href":"https:\/\/sertv.gob.pa\/nacionalfm\/wp-json\/wp\/v2\/posts\/88936","targetHints":{"allow":["GET"]}}],"collection":[{"href":"https:\/\/sertv.gob.pa\/nacionalfm\/wp-json\/wp\/v2\/posts"}],"about":[{"href":"https:\/\/sertv.gob.pa\/nacionalfm\/wp-json\/wp\/v2\/types\/post"}],"author":[{"embeddable":true,"href":"https:\/\/sertv.gob.pa\/nacionalfm\/wp-json\/wp\/v2\/users\/9"}],"replies":[{"embeddable":true,"href":"https:\/\/sertv.gob.pa\/nacionalfm\/wp-json\/wp\/v2\/comments?post=88936"}],"version-history":[{"count":1,"href":"https:\/\/sertv.gob.pa\/nacionalfm\/wp-json\/wp\/v2\/posts\/88936\/revisions"}],"predecessor-version":[{"id":88938,"href":"https:\/\/sertv.gob.pa\/nacionalfm\/wp-json\/wp\/v2\/posts\/88936\/revisions\/88938"}],"wp:featuredmedia":[{"embeddable":true,"href":"https:\/\/sertv.gob.pa\/nacionalfm\/wp-json\/wp\/v2\/media\/88937"}],"wp:attachment":[{"href":"https:\/\/sertv.gob.pa\/nacionalfm\/wp-json\/wp\/v2\/media?parent=88936"}],"wp:term":[{"taxonomy":"category","embeddable":true,"href":"https:\/\/sertv.gob.pa\/nacionalfm\/wp-json\/wp\/v2\/categories?post=88936"},{"taxonomy":"post_tag","embeddable":true,"href":"https:\/\/sertv.gob.pa\/nacionalfm\/wp-json\/wp\/v2\/tags?post=88936"}],"curies":[{"name":"wp","href":"https:\/\/api.w.org\/{rel}","templated":true}]}}