{"id":88998,"date":"2022-10-31T20:31:47","date_gmt":"2022-10-31T20:31:47","guid":{"rendered":"https:\/\/sertv.gob.pa\/nacionalfm\/?p=88998"},"modified":"2022-10-31T20:34:03","modified_gmt":"2022-10-31T20:34:03","slug":"lula-da-silva-se-compromete-a-gobernar-para-todos-los-brasilenos-por-mas-respeto-igualdad-y-libertad","status":"publish","type":"post","link":"https:\/\/sertv.gob.pa\/nacionalfm\/lula-da-silva-se-compromete-a-gobernar-para-todos-los-brasilenos-por-mas-respeto-igualdad-y-libertad\/","title":{"rendered":"Lula da Silva se compromete a gobernar para todos los brasile\u00f1os por m\u00e1s respeto, igualdad y libertad"},"content":{"rendered":"<p><strong><em>MADRID, (EUROPA PRESS) &#8211;<\/em><\/strong><\/p>\n<p>El reci\u00e9n elegido presidente de Brasil, Luiz In\u00e1cio Lula da Silva, se ha comprometido a gobernar para todos los brasile\u00f1os en su primera declaraci\u00f3n tras conocer el resultado de las elecciones de este domingo, en la que tambi\u00e9n ha enfatizado que no existen dos brasiles y que la mayor\u00eda ha elegido m\u00e1s respeto, igualdad, libertad y fraternidad.<\/p>\n<p>\u00abA partir del 1 de enero de 2023, gobernar\u00e9 para 215 millones de brasile\u00f1os y no solo para los que votaron por m\u00ed\u00bb, el representante del Partido de los Trabajadores (PT) que se ha hecho con la victoria con el 50,9 por ciento de los votos con el 99 por ciento de voto escrutado, frente al 49,1 por ciento de su oponente, el hasta ahora presidente Jair Bolsonaro.<\/p>\n<p>\u00abNo hay dos Brasiles. Hay un solo pueblo, una sola naci\u00f3n. A nadie le interesa vivir en un pa\u00eds dividido en permanente estado de guerra. Estas personas est\u00e1n cansadas de ver al otro como un enemigo. Es hora de deponer las armas que nunca debieron empu\u00f1arse\u00bb, ha expresado, haciendo alusi\u00f3n al resto de partidos pol\u00edticos, seg\u00fan recoge &#8216;O Globo&#8217;.<\/p>\n<p>Adem\u00e1s, Lula da Silva ha expresado que en estos comicios no solo se enfrentaba al otro candidato (Bolsonaro), sino a la \u00abm\u00e1quina del Estado brasile\u00f1o\u00bb que se pon\u00eda a su servicio para impedirle ganar. \u00abQuiero agradecer al pueblo brasile\u00f1o que vot\u00f3 por m\u00ed, que se dign\u00f3 cumplir con su compromiso ciudadano\u00bb, dijo Lula, quien dijo que se considera un ciudadano que ha tenido un proceso de resurrecci\u00f3n\u00bb, ha afirmado.<\/p>\n<p>El brasile\u00f1o ha reconocido que gobernar\u00e1 el pa\u00eds en una \u00absituaci\u00f3n muy dif\u00edcil\u00bb pero que cuenta con la mayor\u00eda del pueblo para encontrar una salida para Brasil a trav\u00e9s de los instrumentos de la democracia. Por ello, ha prometido que la econom\u00eda brasile\u00f1a \u00abvolver\u00e1 a girar\u00bb y las minor\u00edas estar\u00e1n incluidas en el presupuesto y tambi\u00e9n los productores agrarios y los peque\u00f1os empresarios.<\/p>\n<p>\u00abLa mayor\u00eda del pueblo brasile\u00f1o decidi\u00f3 que quer\u00eda m\u00e1s y no menos respeto y comprensi\u00f3n entre los brasile\u00f1os; m\u00e1s y no menos igualdad, libertad y fraternidad en nuestro pa\u00eds\u00bb ha declarado Lula al hacer referencia a las implicaciones plausibles del t\u00e9rmino democracia.<\/p>\n<p>En materia econ\u00f3mica, tambi\u00e9n se ha referido al mercado financiero manifestando que el pa\u00eds debe recuperar su \u00abcredibilidad, previsibilidad y estabilidad\u00bb para que los inversores nacionales y extranjeros recuperen su confianza en \u00e9l. Adem\u00e1s, ha apuntado que Brasil no se puede limitar a exportar materias primas y se ha comprometido a reindustrializar el pa\u00eds e invertir en econom\u00eda verde.<\/p>\n<p>Adem\u00e1s, ha puesto el foco en el problema de hambre que enfrenta el pa\u00eds. \u00abNuestro compromiso m\u00e1s urgente es volver a acabar con el hambre. No podemos aceptar como normal que millones de hombres, mujeres y ni\u00f1os en este pa\u00eds no tengan qu\u00e9 comer, o que consuman menos calor\u00edas y prote\u00ednas de las necesarias\u00bb, ha expresado.<\/p>\n<p>Por \u00faltimo, se ha comprometido a avanzar en la lucha contra la violencia contra las mujeres y ha prometido enfrentar el racismo, los prejuicios, la discriminaci\u00f3n, \u00abpara que blancos, negros e ind\u00edgenas tengan los mismos derechos y las mismas oportunidades\u00bb.<\/p>\n<p>Asimismo, se ha comprometido a retomar el seguimiento y la vigilancia de la Amazonia y luchar contra la deforestaci\u00f3n, ya que considera posible generar riqueza sin destruir el medio ambiente. Adem\u00e1s, ha manifestado que su gobierno tendr\u00e1 un compromiso con los pueblos ind\u00edgenas.<\/p>\n<p>Da Silva tambi\u00e9n ha agradecido su victoria a Dios. \u00abQuiero comenzar este peque\u00f1o discurso con agradecimiento a Dios. Toda mi vida siempre pens\u00e9 que \u00e9l era muy generoso conmigo, permiti\u00e9ndome irme de donde me fui y llegar a donde estoy\u00bb, ha confesado.<\/p>\n<p>&nbsp;<\/p>\n<p>Fuente: EUROPA PRESS<\/p>\n<p>&nbsp;<\/p>\n","protected":false},"excerpt":{"rendered":"<p>MADRID, (EUROPA PRESS) &#8211; El reci\u00e9n elegido presidente de Brasil, <a href=\"https:\/\/sertv.gob.pa\/nacionalfm\/lula-da-silva-se-compromete-a-gobernar-para-todos-los-brasilenos-por-mas-respeto-igualdad-y-libertad\/\"> [&#8230;]<\/a><\/p>\n","protected":false},"author":9,"featured_media":88999,"comment_status":"closed","ping_status":"closed","sticky":false,"template":"","format":"standard","meta":{"footnotes":""},"categories":[3],"tags":[],"class_list":["post-88998","post","type-post","status-publish","format-standard","has-post-thumbnail","hentry","category-internacionales"],"_links":{"self":[{"href":"https:\/\/sertv.gob.pa\/nacionalfm\/wp-json\/wp\/v2\/posts\/88998","targetHints":{"allow":["GET"]}}],"collection":[{"href":"https:\/\/sertv.gob.pa\/nacionalfm\/wp-json\/wp\/v2\/posts"}],"about":[{"href":"https:\/\/sertv.gob.pa\/nacionalfm\/wp-json\/wp\/v2\/types\/post"}],"author":[{"embeddable":true,"href":"https:\/\/sertv.gob.pa\/nacionalfm\/wp-json\/wp\/v2\/users\/9"}],"replies":[{"embeddable":true,"href":"https:\/\/sertv.gob.pa\/nacionalfm\/wp-json\/wp\/v2\/comments?post=88998"}],"version-history":[{"count":1,"href":"https:\/\/sertv.gob.pa\/nacionalfm\/wp-json\/wp\/v2\/posts\/88998\/revisions"}],"predecessor-version":[{"id":89001,"href":"https:\/\/sertv.gob.pa\/nacionalfm\/wp-json\/wp\/v2\/posts\/88998\/revisions\/89001"}],"wp:featuredmedia":[{"embeddable":true,"href":"https:\/\/sertv.gob.pa\/nacionalfm\/wp-json\/wp\/v2\/media\/88999"}],"wp:attachment":[{"href":"https:\/\/sertv.gob.pa\/nacionalfm\/wp-json\/wp\/v2\/media?parent=88998"}],"wp:term":[{"taxonomy":"category","embeddable":true,"href":"https:\/\/sertv.gob.pa\/nacionalfm\/wp-json\/wp\/v2\/categories?post=88998"},{"taxonomy":"post_tag","embeddable":true,"href":"https:\/\/sertv.gob.pa\/nacionalfm\/wp-json\/wp\/v2\/tags?post=88998"}],"curies":[{"name":"wp","href":"https:\/\/api.w.org\/{rel}","templated":true}]}}