{"id":8903,"date":"2015-11-23T16:35:04","date_gmt":"2015-11-23T16:35:04","guid":{"rendered":""},"modified":"2015-11-23T16:35:04","modified_gmt":"2015-11-23T16:35:04","slug":"en-2015-40-de-la-mora-quirurgica-fue-cubierta","status":"publish","type":"post","link":"https:\/\/sertv.gob.pa\/nacionalfm\/en-2015-40-de-la-mora-quirurgica-fue-cubierta\/","title":{"rendered":"En 2015,  40% de la mora quir\u00fargica fue cubierta"},"content":{"rendered":"<p>\nEstivenson Gir\u00f3n, director general de la Caja de Seguro Social, dio a conocer que en lo que va de 2015 en el pa\u00eds se ha llevado a cabo 883 cirug\u00edas y procedimientos quir\u00fargico con la  &ldquo;X Jornada contra la mora quir\u00fargica y de consultas especiales&rdquo; . <\/p>\n<p>De los 2 mil 415 pacientes atendidos en la jornada, adem\u00e1s de las 883 cirug\u00edas, se efectuaron mil 532 consultas de especialidades a pacientes, quienes acudieron al llamado en los hospitales Susana Jones Cano, Irma de Lourdes Tzanetatos, Especialidades Pedi\u00e1tricas y el Complejo Hospitalario Arnulfo Arias Madrid. Adem\u00e1s de la policl\u00ednica Manuel Ferrer Vald\u00e9s, de El Mara\u00f1\u00f3n, de la CSS, en donde se desarroll\u00f3 el programa de reducci\u00f3n de mora. <\/p>\n<p>De acuerdo con Gir\u00f3n, la jornada rebas\u00f3 las expectativas trazadas por el equipo m\u00e9dico y quir\u00fargico que particip\u00f3 del programa, en el que se pudo atender a m\u00e1s del 40% de los casos, cifra que debe duplicarse para 2016. <\/p>\n<p>Explic\u00f3 igualmente que entre las 10\u00a0jornadas efectuadas, en igual cantidad de lugares, se atendieron preliminarmente m\u00e1s de 21 mil 293 citas de especialidades en todo el pa\u00eds y m\u00e1s de 3 mil 491 cirug\u00edas realizadas producto de un arrastre que trasciende de administraciones pasadas. <\/p>\n<p>El acumulado responde a jornadas llevadas a cabo en Chitr\u00e9, Changuinola, David, Aguadulce, Col\u00f3n, Chepo, La Chorrera, Los Santos, Santiago y Panam\u00e1 metro. <\/p>\n<p>\u00a0 <\/p>\n","protected":false},"excerpt":{"rendered":"<p>Estivenson Gir\u00f3n, director general de la Caja de Seguro Social, <a href=\"https:\/\/sertv.gob.pa\/nacionalfm\/en-2015-40-de-la-mora-quirurgica-fue-cubierta\/\"> [&#8230;]<\/a><\/p>\n","protected":false},"author":1,"featured_media":8904,"comment_status":"closed","ping_status":"closed","sticky":false,"template":"","format":"standard","meta":{"footnotes":""},"categories":[5],"tags":[],"class_list":["post-8903","post","type-post","status-publish","format-standard","has-post-thumbnail","hentry","category-salud"],"_links":{"self":[{"href":"https:\/\/sertv.gob.pa\/nacionalfm\/wp-json\/wp\/v2\/posts\/8903","targetHints":{"allow":["GET"]}}],"collection":[{"href":"https:\/\/sertv.gob.pa\/nacionalfm\/wp-json\/wp\/v2\/posts"}],"about":[{"href":"https:\/\/sertv.gob.pa\/nacionalfm\/wp-json\/wp\/v2\/types\/post"}],"author":[{"embeddable":true,"href":"https:\/\/sertv.gob.pa\/nacionalfm\/wp-json\/wp\/v2\/users\/1"}],"replies":[{"embeddable":true,"href":"https:\/\/sertv.gob.pa\/nacionalfm\/wp-json\/wp\/v2\/comments?post=8903"}],"version-history":[{"count":0,"href":"https:\/\/sertv.gob.pa\/nacionalfm\/wp-json\/wp\/v2\/posts\/8903\/revisions"}],"wp:featuredmedia":[{"embeddable":true,"href":"https:\/\/sertv.gob.pa\/nacionalfm\/wp-json\/wp\/v2\/media\/8904"}],"wp:attachment":[{"href":"https:\/\/sertv.gob.pa\/nacionalfm\/wp-json\/wp\/v2\/media?parent=8903"}],"wp:term":[{"taxonomy":"category","embeddable":true,"href":"https:\/\/sertv.gob.pa\/nacionalfm\/wp-json\/wp\/v2\/categories?post=8903"},{"taxonomy":"post_tag","embeddable":true,"href":"https:\/\/sertv.gob.pa\/nacionalfm\/wp-json\/wp\/v2\/tags?post=8903"}],"curies":[{"name":"wp","href":"https:\/\/api.w.org\/{rel}","templated":true}]}}