{"id":89050,"date":"2022-11-01T20:02:09","date_gmt":"2022-11-01T20:02:09","guid":{"rendered":"https:\/\/sertv.gob.pa\/nacionalfm\/?p=89050"},"modified":"2022-11-01T20:02:09","modified_gmt":"2022-11-01T20:02:09","slug":"al-menos-dos-policias-muertos-y-varios-ataques-con-explosivos-en-una-violenta-noche-en-guayaquil-ecuador","status":"publish","type":"post","link":"https:\/\/sertv.gob.pa\/nacionalfm\/al-menos-dos-policias-muertos-y-varios-ataques-con-explosivos-en-una-violenta-noche-en-guayaquil-ecuador\/","title":{"rendered":"Al menos dos polic\u00edas muertos y varios ataques con explosivos en una violenta noche en Guayaquil, Ecuador"},"content":{"rendered":"<p><strong><em>\u00a0<\/em><\/strong><\/p>\n<p><strong><em>MADRID, (EUROPA PRESS) &#8211;<\/em><\/strong><\/p>\n<p>&nbsp;<\/p>\n<p>Al menos dos polic\u00edas han fallecido en el marco de una noche de violencia en la ciudad ecuatoriana de Guayaquil en la que se han registrado hasta siete ataques con artefactos explosivos.<\/p>\n<p>La Polic\u00eda de Ecuador ha confirmado en sus redes sociales la muerte de los dos agentes en lo que ha tildado de \u00abacto cobarde\u00bb. Asimismo, el cuerpo ha confirmado el inicio de las investigaciones pertinentes para dar con los responsables.<\/p>\n<p>Por otro lado, las autoridades de seguridad han informado tambi\u00e9n de un total de siete emergencias por explosivos, al menos cuatro de ellas con agentes de la Polic\u00eda Nacional como objetivo.<\/p>\n<p>Seg\u00fan adelanta el diario &#8216;El Comercio&#8217;, todos los incidentes se han registrado en la zona norte de la ciudad, donde hace d\u00edas varios grupos delictivos amenazaron con atacar a la Polic\u00eda.<\/p>\n<p>Adem\u00e1s, un coche bomba ha sido detonado en la estaci\u00f3n de autobuses de Pascuales, en el extremo norte de la ciudad, y otros dos artefactos han explotado en gasolineras.<\/p>\n<p>Seg\u00fan datos ofrecidos por las autoridades de Ecuador, la provincia de Guayas, donde se ubica Guayaquil, concentra el 62 por ciento de los ataques con explosivos que se registran en el pa\u00eds.<\/p>\n<p>Esta oleada de violencia nocturna se ha dado apenas un d\u00eda despu\u00e9s de que surgieran rumores sobre el posible traslado de presos de la Penitenciar\u00eda del Litoral, escenario de varios episodios violentos en el \u00faltimo a\u00f1o en los que han fallecido decenas de internos.<\/p>\n<p>&nbsp;<\/p>\n<p>Fuente: EUROPA PRESS<\/p>\n","protected":false},"excerpt":{"rendered":"<p>\u00a0 MADRID, (EUROPA PRESS) &#8211; &nbsp; Al menos dos polic\u00edas <a href=\"https:\/\/sertv.gob.pa\/nacionalfm\/al-menos-dos-policias-muertos-y-varios-ataques-con-explosivos-en-una-violenta-noche-en-guayaquil-ecuador\/\"> [&#8230;]<\/a><\/p>\n","protected":false},"author":9,"featured_media":89051,"comment_status":"closed","ping_status":"closed","sticky":false,"template":"","format":"standard","meta":{"footnotes":""},"categories":[3],"tags":[],"class_list":["post-89050","post","type-post","status-publish","format-standard","has-post-thumbnail","hentry","category-internacionales"],"_links":{"self":[{"href":"https:\/\/sertv.gob.pa\/nacionalfm\/wp-json\/wp\/v2\/posts\/89050","targetHints":{"allow":["GET"]}}],"collection":[{"href":"https:\/\/sertv.gob.pa\/nacionalfm\/wp-json\/wp\/v2\/posts"}],"about":[{"href":"https:\/\/sertv.gob.pa\/nacionalfm\/wp-json\/wp\/v2\/types\/post"}],"author":[{"embeddable":true,"href":"https:\/\/sertv.gob.pa\/nacionalfm\/wp-json\/wp\/v2\/users\/9"}],"replies":[{"embeddable":true,"href":"https:\/\/sertv.gob.pa\/nacionalfm\/wp-json\/wp\/v2\/comments?post=89050"}],"version-history":[{"count":1,"href":"https:\/\/sertv.gob.pa\/nacionalfm\/wp-json\/wp\/v2\/posts\/89050\/revisions"}],"predecessor-version":[{"id":89052,"href":"https:\/\/sertv.gob.pa\/nacionalfm\/wp-json\/wp\/v2\/posts\/89050\/revisions\/89052"}],"wp:featuredmedia":[{"embeddable":true,"href":"https:\/\/sertv.gob.pa\/nacionalfm\/wp-json\/wp\/v2\/media\/89051"}],"wp:attachment":[{"href":"https:\/\/sertv.gob.pa\/nacionalfm\/wp-json\/wp\/v2\/media?parent=89050"}],"wp:term":[{"taxonomy":"category","embeddable":true,"href":"https:\/\/sertv.gob.pa\/nacionalfm\/wp-json\/wp\/v2\/categories?post=89050"},{"taxonomy":"post_tag","embeddable":true,"href":"https:\/\/sertv.gob.pa\/nacionalfm\/wp-json\/wp\/v2\/tags?post=89050"}],"curies":[{"name":"wp","href":"https:\/\/api.w.org\/{rel}","templated":true}]}}