{"id":89053,"date":"2022-11-01T20:35:54","date_gmt":"2022-11-01T20:35:54","guid":{"rendered":"https:\/\/sertv.gob.pa\/nacionalfm\/?p=89053"},"modified":"2022-11-01T20:35:54","modified_gmt":"2022-11-01T20:35:54","slug":"bolsonaro-no-reconoce-abiertamente-su-derrota-frente-a-lula-aunque-dice-que-cumplira-con-la-constitucion","status":"publish","type":"post","link":"https:\/\/sertv.gob.pa\/nacionalfm\/bolsonaro-no-reconoce-abiertamente-su-derrota-frente-a-lula-aunque-dice-que-cumplira-con-la-constitucion\/","title":{"rendered":"Bolsonaro no reconoce abiertamente su derrota frente a Lula, aunque dice que cumplir\u00e1 con la Constituci\u00f3n"},"content":{"rendered":"<p><strong><em>MADRID, (EUROPA PRESS) &#8211;<\/em><\/strong><\/p>\n<p>El presidente de Brasil, Jair Bolsonaro, no se ha pronunciado este martes abiertamente sobre el resultado de las \u00faltimas elecciones en las que el candidato de izquierda Luiz In\u00e1cio Lula da Silva gan\u00f3 por estrecho margen, aunque ha dicho que cumplir\u00e1 con la Constituci\u00f3n.<\/p>\n<p>Tras m\u00e1s de 24 horas de silencio, Bolsonaro ha comenzado su corto discurso, de cerca de dos minutos, agradeciendo el voto a los ciudadanos brasile\u00f1os, sin nombrar su derrota, y hablando solo de \u00abseguir la Constituci\u00f3n\u00bb en el marco del traspaso de poderes.<\/p>\n<p>Bolsonaro, que ha generado expectaci\u00f3n por llegar tarde, ha explicado tambi\u00e9n que los bloqueos de las carreteras est\u00e1n motivados \u00abpor la indignaci\u00f3n\u00bb que han provocado los comicios, y ha dicho que son \u00abmanifestaciones pac\u00edficas\u00bb.<\/p>\n<p>Tras la declaraci\u00f3n del presidente, el ministro de la Casa Civil, Ciro Nogueira, ha llegado al estrado y ha anunciado que ha sido autorizado por Bolsonaro para liderar el traspaso de poderes a su sucesor, a quien ha llamado \u00abpresidente Lula\u00bb, seg\u00fan ha recogido el diario &#8216;O Globo&#8217;.<\/p>\n<p>&nbsp;<\/p>\n<p>Fuente: EUROPA PRESS<\/p>\n<p>&nbsp;<\/p>\n","protected":false},"excerpt":{"rendered":"<p>MADRID, (EUROPA PRESS) &#8211; El presidente de Brasil, Jair Bolsonaro, <a href=\"https:\/\/sertv.gob.pa\/nacionalfm\/bolsonaro-no-reconoce-abiertamente-su-derrota-frente-a-lula-aunque-dice-que-cumplira-con-la-constitucion\/\"> [&#8230;]<\/a><\/p>\n","protected":false},"author":9,"featured_media":89054,"comment_status":"closed","ping_status":"closed","sticky":false,"template":"","format":"standard","meta":{"footnotes":""},"categories":[3],"tags":[],"class_list":["post-89053","post","type-post","status-publish","format-standard","has-post-thumbnail","hentry","category-internacionales"],"_links":{"self":[{"href":"https:\/\/sertv.gob.pa\/nacionalfm\/wp-json\/wp\/v2\/posts\/89053","targetHints":{"allow":["GET"]}}],"collection":[{"href":"https:\/\/sertv.gob.pa\/nacionalfm\/wp-json\/wp\/v2\/posts"}],"about":[{"href":"https:\/\/sertv.gob.pa\/nacionalfm\/wp-json\/wp\/v2\/types\/post"}],"author":[{"embeddable":true,"href":"https:\/\/sertv.gob.pa\/nacionalfm\/wp-json\/wp\/v2\/users\/9"}],"replies":[{"embeddable":true,"href":"https:\/\/sertv.gob.pa\/nacionalfm\/wp-json\/wp\/v2\/comments?post=89053"}],"version-history":[{"count":1,"href":"https:\/\/sertv.gob.pa\/nacionalfm\/wp-json\/wp\/v2\/posts\/89053\/revisions"}],"predecessor-version":[{"id":89055,"href":"https:\/\/sertv.gob.pa\/nacionalfm\/wp-json\/wp\/v2\/posts\/89053\/revisions\/89055"}],"wp:featuredmedia":[{"embeddable":true,"href":"https:\/\/sertv.gob.pa\/nacionalfm\/wp-json\/wp\/v2\/media\/89054"}],"wp:attachment":[{"href":"https:\/\/sertv.gob.pa\/nacionalfm\/wp-json\/wp\/v2\/media?parent=89053"}],"wp:term":[{"taxonomy":"category","embeddable":true,"href":"https:\/\/sertv.gob.pa\/nacionalfm\/wp-json\/wp\/v2\/categories?post=89053"},{"taxonomy":"post_tag","embeddable":true,"href":"https:\/\/sertv.gob.pa\/nacionalfm\/wp-json\/wp\/v2\/tags?post=89053"}],"curies":[{"name":"wp","href":"https:\/\/api.w.org\/{rel}","templated":true}]}}