{"id":8907,"date":"2015-11-23T18:26:32","date_gmt":"2015-11-23T18:26:32","guid":{"rendered":""},"modified":"2015-11-23T18:26:32","modified_gmt":"2015-11-23T18:26:32","slug":"feria-de-salud-en-calidonia-se-realizara-una-vez-al-mes","status":"publish","type":"post","link":"https:\/\/sertv.gob.pa\/nacionalfm\/feria-de-salud-en-calidonia-se-realizara-una-vez-al-mes\/","title":{"rendered":"Feria de salud en Calidonia se realizar\u00e1 una vez al mes"},"content":{"rendered":"<p>\nVarios residentes de Perejil asistieron a la Feria de Salud que realiz\u00f3 este fin de semana el Ministerio de Salud y la Junta Comunal de Calidonia. <\/p>\n<p>Se conoci\u00f3 que se est\u00e1n efectuando chequeos de la presi\u00f3n arterial, az\u00facar y prevenci\u00f3n del SIDA\/VIH. <\/p>\n<p>Seg\u00fan el representante de Calidonia, Ram\u00f3n Ashby, la Junta Comunal de este corregimiento est\u00e1 invirtiendo entre $3 mil a $4 mil para estas ferias de salud que se llevar\u00e1n a cabo una vez al mes <\/p>\n<p>\u00a0 <\/p>\n","protected":false},"excerpt":{"rendered":"<p>Varios residentes de Perejil asistieron a la Feria de Salud <a href=\"https:\/\/sertv.gob.pa\/nacionalfm\/feria-de-salud-en-calidonia-se-realizara-una-vez-al-mes\/\"> [&#8230;]<\/a><\/p>\n","protected":false},"author":1,"featured_media":8908,"comment_status":"closed","ping_status":"closed","sticky":false,"template":"","format":"standard","meta":{"footnotes":""},"categories":[5],"tags":[],"class_list":["post-8907","post","type-post","status-publish","format-standard","has-post-thumbnail","hentry","category-salud"],"_links":{"self":[{"href":"https:\/\/sertv.gob.pa\/nacionalfm\/wp-json\/wp\/v2\/posts\/8907","targetHints":{"allow":["GET"]}}],"collection":[{"href":"https:\/\/sertv.gob.pa\/nacionalfm\/wp-json\/wp\/v2\/posts"}],"about":[{"href":"https:\/\/sertv.gob.pa\/nacionalfm\/wp-json\/wp\/v2\/types\/post"}],"author":[{"embeddable":true,"href":"https:\/\/sertv.gob.pa\/nacionalfm\/wp-json\/wp\/v2\/users\/1"}],"replies":[{"embeddable":true,"href":"https:\/\/sertv.gob.pa\/nacionalfm\/wp-json\/wp\/v2\/comments?post=8907"}],"version-history":[{"count":0,"href":"https:\/\/sertv.gob.pa\/nacionalfm\/wp-json\/wp\/v2\/posts\/8907\/revisions"}],"wp:featuredmedia":[{"embeddable":true,"href":"https:\/\/sertv.gob.pa\/nacionalfm\/wp-json\/wp\/v2\/media\/8908"}],"wp:attachment":[{"href":"https:\/\/sertv.gob.pa\/nacionalfm\/wp-json\/wp\/v2\/media?parent=8907"}],"wp:term":[{"taxonomy":"category","embeddable":true,"href":"https:\/\/sertv.gob.pa\/nacionalfm\/wp-json\/wp\/v2\/categories?post=8907"},{"taxonomy":"post_tag","embeddable":true,"href":"https:\/\/sertv.gob.pa\/nacionalfm\/wp-json\/wp\/v2\/tags?post=8907"}],"curies":[{"name":"wp","href":"https:\/\/api.w.org\/{rel}","templated":true}]}}