{"id":89089,"date":"2022-11-02T15:56:20","date_gmt":"2022-11-02T15:56:20","guid":{"rendered":"https:\/\/sertv.gob.pa\/nacionalfm\/?p=89089"},"modified":"2022-11-02T15:56:20","modified_gmt":"2022-11-02T15:56:20","slug":"horario-de-atencion-en-las-instalaciones-de-salud-de-panama-norte","status":"publish","type":"post","link":"https:\/\/sertv.gob.pa\/nacionalfm\/horario-de-atencion-en-las-instalaciones-de-salud-de-panama-norte\/","title":{"rendered":"Horario de atenci\u00f3n en las instalaciones de Salud de Panam\u00e1 Norte"},"content":{"rendered":"<p><strong><em>Con las celebraciones del mes de la Patria, la regi\u00f3n de Salud de Panam\u00e1 Norte mantendr\u00e1 sus instalaciones de Salud abiertas en los siguientes horarios, el centro de salud de Chilibre, tendr\u00e1 un horario de 7:00 a.m. a 3:00 p.m. el d\u00eda 3 de noviembre, en el mismo horario, pero los d\u00edas 4, 5, 10 y 28 de noviembre ser\u00e1 el Centro de Salud de Alcalde D\u00edaz, que se mantendr\u00e1 en atenci\u00f3n y en operativos de Salud P\u00fablica.<\/em><\/strong><\/p>\n<p>Sara Casta\u00f1eda de Castillo, directora regional de Salud, indic\u00f3 que, para esos d\u00edas, los equipos de Salud P\u00fablica estar\u00e1n a lo largo de las rutas de los desfiles; realizando operativos de salud, procurando que los manipuladores de alimentos cumplan con las normativas sanitarias.<\/p>\n<p>Se verificar\u00e1n los carn\u00e9 de buena salud (blanco) y el de manipulador de alimentos (verde), que los alimentos mantengan la temperatura adecuada y que est\u00e9n en buen estado, para evitar intoxicaciones alimentarias.<\/p>\n<p><strong><em>Panam\u00e1 Norte tiene establecidas 4 rutas de los desfiles c\u00edvicos que son el d\u00eda 3 de noviembre en el corregimiento de Chilibre, el 4 de noviembre en el corregimiento de Alcalde D\u00edaz, el 10 de noviembre en el corregimiento de Las Cumbres y el 28 de noviembre en el corregimiento de Caimitillo.<\/em><\/strong><\/p>\n<p>&nbsp;<\/p>\n<p>Fuente: MINSA<\/p>\n","protected":false},"excerpt":{"rendered":"<p>Con las celebraciones del mes de la Patria, la regi\u00f3n <a href=\"https:\/\/sertv.gob.pa\/nacionalfm\/horario-de-atencion-en-las-instalaciones-de-salud-de-panama-norte\/\"> [&#8230;]<\/a><\/p>\n","protected":false},"author":9,"featured_media":89090,"comment_status":"closed","ping_status":"closed","sticky":false,"template":"","format":"standard","meta":{"footnotes":""},"categories":[2],"tags":[],"class_list":["post-89089","post","type-post","status-publish","format-standard","has-post-thumbnail","hentry","category-nacionales"],"_links":{"self":[{"href":"https:\/\/sertv.gob.pa\/nacionalfm\/wp-json\/wp\/v2\/posts\/89089","targetHints":{"allow":["GET"]}}],"collection":[{"href":"https:\/\/sertv.gob.pa\/nacionalfm\/wp-json\/wp\/v2\/posts"}],"about":[{"href":"https:\/\/sertv.gob.pa\/nacionalfm\/wp-json\/wp\/v2\/types\/post"}],"author":[{"embeddable":true,"href":"https:\/\/sertv.gob.pa\/nacionalfm\/wp-json\/wp\/v2\/users\/9"}],"replies":[{"embeddable":true,"href":"https:\/\/sertv.gob.pa\/nacionalfm\/wp-json\/wp\/v2\/comments?post=89089"}],"version-history":[{"count":1,"href":"https:\/\/sertv.gob.pa\/nacionalfm\/wp-json\/wp\/v2\/posts\/89089\/revisions"}],"predecessor-version":[{"id":89091,"href":"https:\/\/sertv.gob.pa\/nacionalfm\/wp-json\/wp\/v2\/posts\/89089\/revisions\/89091"}],"wp:featuredmedia":[{"embeddable":true,"href":"https:\/\/sertv.gob.pa\/nacionalfm\/wp-json\/wp\/v2\/media\/89090"}],"wp:attachment":[{"href":"https:\/\/sertv.gob.pa\/nacionalfm\/wp-json\/wp\/v2\/media?parent=89089"}],"wp:term":[{"taxonomy":"category","embeddable":true,"href":"https:\/\/sertv.gob.pa\/nacionalfm\/wp-json\/wp\/v2\/categories?post=89089"},{"taxonomy":"post_tag","embeddable":true,"href":"https:\/\/sertv.gob.pa\/nacionalfm\/wp-json\/wp\/v2\/tags?post=89089"}],"curies":[{"name":"wp","href":"https:\/\/api.w.org\/{rel}","templated":true}]}}