{"id":89105,"date":"2022-11-02T16:58:35","date_gmt":"2022-11-02T16:58:35","guid":{"rendered":"https:\/\/sertv.gob.pa\/nacionalfm\/?p=89105"},"modified":"2022-11-02T16:58:35","modified_gmt":"2022-11-02T16:58:35","slug":"recuperados-20-cadaveres-tras-el-naufragio-de-una-patera-en-aguas-del-egeo","status":"publish","type":"post","link":"https:\/\/sertv.gob.pa\/nacionalfm\/recuperados-20-cadaveres-tras-el-naufragio-de-una-patera-en-aguas-del-egeo\/","title":{"rendered":"Recuperados 20 cad\u00e1veres tras el naufragio de una patera en aguas del Egeo"},"content":{"rendered":"<p><strong><em>MADRID, (EUROPA PRESS) &#8211;<\/em><\/strong><\/p>\n<p>&nbsp;<\/p>\n<p>La Guardia Costera griega ha recuperado una veintena de cad\u00e1veres tras el naufragio el martes de madrugada de una embarcaci\u00f3n con migrantes y refugiados frente a las costas de la isla de Eubea, en el mar Egeo.<\/p>\n<p>Los servicios de emergencia han recuperado hasta este mi\u00e9rcoles a 12 personas con vida, entre ellas un adolescente de 16 a\u00f1os que ha sido trasladado a un hospital, seg\u00fan las fuentes citadas por la cadena ERT. A bordo de la embarcaci\u00f3n, que hab\u00eda partido desde Turqu\u00eda, iban 68 migrantes.<\/p>\n<p>Antes de esta nueva tragedia, la Organizaci\u00f3n Internacional para las Migraciones (OIM) ya ten\u00eda registrados unos 300 fallecidos en el este del Mediterr\u00e1neo, que sigue siendo paso frecuente entre quienes quieren llegar a Grecia desde Turqu\u00eda. Desde 2014, m\u00e1s de 2.100 migrantes y refugiados han fallecido en esta zona.<\/p>\n<p>&nbsp;<\/p>\n<p>Fuente: EUROPA PRESS<\/p>\n<p>&nbsp;<\/p>\n","protected":false},"excerpt":{"rendered":"<p>MADRID, (EUROPA PRESS) &#8211; &nbsp; La Guardia Costera griega ha <a href=\"https:\/\/sertv.gob.pa\/nacionalfm\/recuperados-20-cadaveres-tras-el-naufragio-de-una-patera-en-aguas-del-egeo\/\"> [&#8230;]<\/a><\/p>\n","protected":false},"author":9,"featured_media":89106,"comment_status":"closed","ping_status":"closed","sticky":false,"template":"","format":"standard","meta":{"footnotes":""},"categories":[3],"tags":[],"class_list":["post-89105","post","type-post","status-publish","format-standard","has-post-thumbnail","hentry","category-internacionales"],"_links":{"self":[{"href":"https:\/\/sertv.gob.pa\/nacionalfm\/wp-json\/wp\/v2\/posts\/89105","targetHints":{"allow":["GET"]}}],"collection":[{"href":"https:\/\/sertv.gob.pa\/nacionalfm\/wp-json\/wp\/v2\/posts"}],"about":[{"href":"https:\/\/sertv.gob.pa\/nacionalfm\/wp-json\/wp\/v2\/types\/post"}],"author":[{"embeddable":true,"href":"https:\/\/sertv.gob.pa\/nacionalfm\/wp-json\/wp\/v2\/users\/9"}],"replies":[{"embeddable":true,"href":"https:\/\/sertv.gob.pa\/nacionalfm\/wp-json\/wp\/v2\/comments?post=89105"}],"version-history":[{"count":1,"href":"https:\/\/sertv.gob.pa\/nacionalfm\/wp-json\/wp\/v2\/posts\/89105\/revisions"}],"predecessor-version":[{"id":89107,"href":"https:\/\/sertv.gob.pa\/nacionalfm\/wp-json\/wp\/v2\/posts\/89105\/revisions\/89107"}],"wp:featuredmedia":[{"embeddable":true,"href":"https:\/\/sertv.gob.pa\/nacionalfm\/wp-json\/wp\/v2\/media\/89106"}],"wp:attachment":[{"href":"https:\/\/sertv.gob.pa\/nacionalfm\/wp-json\/wp\/v2\/media?parent=89105"}],"wp:term":[{"taxonomy":"category","embeddable":true,"href":"https:\/\/sertv.gob.pa\/nacionalfm\/wp-json\/wp\/v2\/categories?post=89105"},{"taxonomy":"post_tag","embeddable":true,"href":"https:\/\/sertv.gob.pa\/nacionalfm\/wp-json\/wp\/v2\/tags?post=89105"}],"curies":[{"name":"wp","href":"https:\/\/api.w.org\/{rel}","templated":true}]}}