{"id":89149,"date":"2022-11-03T20:10:37","date_gmt":"2022-11-03T20:10:37","guid":{"rendered":"https:\/\/sertv.gob.pa\/nacionalfm\/?p=89149"},"modified":"2022-11-03T20:10:37","modified_gmt":"2022-11-03T20:10:37","slug":"rusia-fija-para-el-20-de-diciembre-la-reapertura-completa-al-trafico-del-puente-de-crimea","status":"publish","type":"post","link":"https:\/\/sertv.gob.pa\/nacionalfm\/rusia-fija-para-el-20-de-diciembre-la-reapertura-completa-al-trafico-del-puente-de-crimea\/","title":{"rendered":"Rusia fija para el 20 de diciembre la reapertura completa al tr\u00e1fico del puente de Crimea"},"content":{"rendered":"<p><strong><em>MADRID, (EUROPA PRESS) &#8211;<\/em><\/strong><\/p>\n<p>&nbsp;<\/p>\n<p>Las autoridades rusas han fijado el 20 de diciembre como el d\u00eda en el que el puente de Kerch, que enlaza Rusia con la pen\u00ednsula de Crimea, vuelva a abrirse de forma completa al tr\u00e1fico despu\u00e9s de sufrir una explosi\u00f3n a principios de octubre.<\/p>\n<p>\u00abEl Gobierno ha asignado los fondos necesarios para la restauraci\u00f3n del puente de autom\u00f3viles (&#8230;) Planeamos iniciar el tr\u00e1fico el 5 de diciembre en un carril, y el 20 de diciembre, completamente\u00bb, ha dicho el vice primer ministro ruso, Marat Jusnulin.<\/p>\n<p>Jusnulin, quien ha mantenido este jueves una reuni\u00f3n al respecto con el presidente de Rusia, Vladimir Putin, ha detallado que, a d\u00eda de hoy, el transporte de personas y mercanc\u00edas en ambos sentidos se lleva a cabo tan solo por los carriles del margen izquierdo, recoge TASS.<\/p>\n<p>El puente de Kerch fue escenario a primera hora del 8 de octubre de una enorme explosi\u00f3n atribuida a un tanque de combustible que estaba siendo transportado por ferrocarril que destruy\u00f3 parte de la infraestructura, seg\u00fan informaron las autoridades rusas de la pen\u00ednsula.<\/p>\n<p>El puente, tambi\u00e9n conocido simplemente como el puente de Crimea, es considerado como una importante ruta de suministro log\u00edstico para las fuerzas rusas en Crimea y en el sur de la Ucrania ocupada por Rusia. La estructura, de 19 kil\u00f3metros de longitud, comprende una v\u00eda de transporte ferroviario y una autov\u00eda. Inaugurado por Putin en 2018, se trata de una de las obras de infraestructura m\u00e1s importantes de la pen\u00ednsula desde su anexi\u00f3n a Rusia en 2014.<\/p>\n<p>&nbsp;<\/p>\n<p>Fuente: EUROPA PRESS<\/p>\n","protected":false},"excerpt":{"rendered":"<p>MADRID, (EUROPA PRESS) &#8211; &nbsp; Las autoridades rusas han fijado <a href=\"https:\/\/sertv.gob.pa\/nacionalfm\/rusia-fija-para-el-20-de-diciembre-la-reapertura-completa-al-trafico-del-puente-de-crimea\/\"> [&#8230;]<\/a><\/p>\n","protected":false},"author":9,"featured_media":89150,"comment_status":"closed","ping_status":"closed","sticky":false,"template":"","format":"standard","meta":{"footnotes":""},"categories":[3],"tags":[],"class_list":["post-89149","post","type-post","status-publish","format-standard","has-post-thumbnail","hentry","category-internacionales"],"_links":{"self":[{"href":"https:\/\/sertv.gob.pa\/nacionalfm\/wp-json\/wp\/v2\/posts\/89149","targetHints":{"allow":["GET"]}}],"collection":[{"href":"https:\/\/sertv.gob.pa\/nacionalfm\/wp-json\/wp\/v2\/posts"}],"about":[{"href":"https:\/\/sertv.gob.pa\/nacionalfm\/wp-json\/wp\/v2\/types\/post"}],"author":[{"embeddable":true,"href":"https:\/\/sertv.gob.pa\/nacionalfm\/wp-json\/wp\/v2\/users\/9"}],"replies":[{"embeddable":true,"href":"https:\/\/sertv.gob.pa\/nacionalfm\/wp-json\/wp\/v2\/comments?post=89149"}],"version-history":[{"count":1,"href":"https:\/\/sertv.gob.pa\/nacionalfm\/wp-json\/wp\/v2\/posts\/89149\/revisions"}],"predecessor-version":[{"id":89152,"href":"https:\/\/sertv.gob.pa\/nacionalfm\/wp-json\/wp\/v2\/posts\/89149\/revisions\/89152"}],"wp:featuredmedia":[{"embeddable":true,"href":"https:\/\/sertv.gob.pa\/nacionalfm\/wp-json\/wp\/v2\/media\/89150"}],"wp:attachment":[{"href":"https:\/\/sertv.gob.pa\/nacionalfm\/wp-json\/wp\/v2\/media?parent=89149"}],"wp:term":[{"taxonomy":"category","embeddable":true,"href":"https:\/\/sertv.gob.pa\/nacionalfm\/wp-json\/wp\/v2\/categories?post=89149"},{"taxonomy":"post_tag","embeddable":true,"href":"https:\/\/sertv.gob.pa\/nacionalfm\/wp-json\/wp\/v2\/tags?post=89149"}],"curies":[{"name":"wp","href":"https:\/\/api.w.org\/{rel}","templated":true}]}}