{"id":89160,"date":"2022-11-04T15:26:31","date_gmt":"2022-11-04T15:26:31","guid":{"rendered":"https:\/\/sertv.gob.pa\/nacionalfm\/?p=89160"},"modified":"2022-11-04T15:26:31","modified_gmt":"2022-11-04T15:26:31","slug":"panama-respeto-y-honra","status":"publish","type":"post","link":"https:\/\/sertv.gob.pa\/nacionalfm\/panama-respeto-y-honra\/","title":{"rendered":"Panam\u00e1, respeto y honra"},"content":{"rendered":"<p>Este jueves 4 de noviembre, representa tambi\u00e9n una fecha de gran significado, porque es hoy, en donde los habitantes de \u00e9ste pa\u00eds, buscan enaltecer los que conforman los \u201cS\u00edmbolos Patrios\u201d de esta naci\u00f3n.<\/p>\n<p>La Bandera, el Escudo Nacional y el Himno Nacional, son tres elementos que corresponder\u00e1 a cada persona que pertenezca a esta tierra, respetar y honrar, no s\u00f3lo dentro, sino tambi\u00e9n fuera de su patria. Pero es importante resaltar, que esta, es una acci\u00f3n, que toca ejercer tanto a los nacionales como a los extranjeros que han escogido Panam\u00e1, para hacer de ella, su tierra para vivir.<\/p>\n<p>\u201cLos S\u00edmbolos Patrios\u201d, son legados de gran arte y val\u00eda desde su creaci\u00f3n, y han dejado una gran herencia, a miles y miles de personas que han expresado su orgullo por ser parte de un pa\u00eds, de inmensa nobleza y formidable esp\u00edritu, y que presentan para honrarlo cada a\u00f1o, en \u00e9ste mes, el sentir de su coraz\u00f3n con el repicar de su m\u00fasica, y marchar enaltecido.<\/p>\n<p>&nbsp;<\/p>\n<p>Sertv \/ Crisol FM \/ Nacional FM \/ Nacional AM \u00a0nuevamente dicen\u2026<\/p>\n<p>&nbsp;<\/p>\n<p>\u00a1FELICIDADES PANAM\u00c1!<\/p>\n","protected":false},"excerpt":{"rendered":"<p>Este jueves 4 de noviembre, representa tambi\u00e9n una fecha de <a href=\"https:\/\/sertv.gob.pa\/nacionalfm\/panama-respeto-y-honra\/\"> [&#8230;]<\/a><\/p>\n","protected":false},"author":9,"featured_media":89161,"comment_status":"closed","ping_status":"closed","sticky":false,"template":"","format":"standard","meta":{"footnotes":""},"categories":[2],"tags":[],"class_list":["post-89160","post","type-post","status-publish","format-standard","has-post-thumbnail","hentry","category-nacionales"],"_links":{"self":[{"href":"https:\/\/sertv.gob.pa\/nacionalfm\/wp-json\/wp\/v2\/posts\/89160","targetHints":{"allow":["GET"]}}],"collection":[{"href":"https:\/\/sertv.gob.pa\/nacionalfm\/wp-json\/wp\/v2\/posts"}],"about":[{"href":"https:\/\/sertv.gob.pa\/nacionalfm\/wp-json\/wp\/v2\/types\/post"}],"author":[{"embeddable":true,"href":"https:\/\/sertv.gob.pa\/nacionalfm\/wp-json\/wp\/v2\/users\/9"}],"replies":[{"embeddable":true,"href":"https:\/\/sertv.gob.pa\/nacionalfm\/wp-json\/wp\/v2\/comments?post=89160"}],"version-history":[{"count":1,"href":"https:\/\/sertv.gob.pa\/nacionalfm\/wp-json\/wp\/v2\/posts\/89160\/revisions"}],"predecessor-version":[{"id":89162,"href":"https:\/\/sertv.gob.pa\/nacionalfm\/wp-json\/wp\/v2\/posts\/89160\/revisions\/89162"}],"wp:featuredmedia":[{"embeddable":true,"href":"https:\/\/sertv.gob.pa\/nacionalfm\/wp-json\/wp\/v2\/media\/89161"}],"wp:attachment":[{"href":"https:\/\/sertv.gob.pa\/nacionalfm\/wp-json\/wp\/v2\/media?parent=89160"}],"wp:term":[{"taxonomy":"category","embeddable":true,"href":"https:\/\/sertv.gob.pa\/nacionalfm\/wp-json\/wp\/v2\/categories?post=89160"},{"taxonomy":"post_tag","embeddable":true,"href":"https:\/\/sertv.gob.pa\/nacionalfm\/wp-json\/wp\/v2\/tags?post=89160"}],"curies":[{"name":"wp","href":"https:\/\/api.w.org\/{rel}","templated":true}]}}