{"id":89195,"date":"2022-11-04T19:35:11","date_gmt":"2022-11-04T19:35:11","guid":{"rendered":"https:\/\/sertv.gob.pa\/nacionalfm\/?p=89195"},"modified":"2022-11-04T19:35:11","modified_gmt":"2022-11-04T19:35:11","slug":"cinemark-pierde-245-millones-en-el-tercer-trimestre-un-685-menos","status":"publish","type":"post","link":"https:\/\/sertv.gob.pa\/nacionalfm\/cinemark-pierde-245-millones-en-el-tercer-trimestre-un-685-menos\/","title":{"rendered":"CINEMARK pierde 24,5 millones en el tercer trimestre, un 68,5% menos"},"content":{"rendered":"<p><strong><em>MADRID, (EUROPA PRESS) &#8211;<\/em><\/strong><\/p>\n<p>&nbsp;<\/p>\n<p>La cadena de cines CINEMARK, la tercera mayor del mundo, tuvo unas p\u00e9rdidas netas atribuidas de 24,5 millones de d\u00f3lares (cifra similar en euros) en el tercer trimestre de 2022, lo que supone reducir en un 68,5 por ciento los &#8216;n\u00fameros rojos&#8217; del mismo periodo del a\u00f1o pasado, seg\u00fan ha informado este viernes la empresa.<\/p>\n<p>\u00abEl comportamiento de los consumidores durante el \u00faltimo a\u00f1o valida que el entusiasmo de ir al cine sigue siendo elevado y vibrante en todas las categor\u00edas y audiencias\u00bb, ha indicado el presidente y consejero delegado de la firma, Sean Gamble.<\/p>\n<p>Los ingresos fueron de 650,4 millones de d\u00f3lares, un 49,6 por ciento m\u00e1s. De esa cifra, las ventas de entradas de cine supusieron 324,6 millones, un 44 por ciento m\u00e1s, al tiempo que la comida y bebida alcanzaron 253,6 millones, un 54,4 por ciento m\u00e1s que en el tercer trimestre de 2021.<\/p>\n<p>El alquiler de pel\u00edculas y la publicidad supuso un gasto de 180,9 millones, un 54,65 m\u00e1s, mientras que los gastos laborales fueron de 97 millones, un 43,5 por ciento m\u00e1s. De su lado, los servicios supusieron un desembolso de 110,4 millones (+35,1 por ciento), mientras que los alquileres fueron de 77,2 millones (+12,2 por ciento).<\/p>\n<p>Las p\u00e9rdidas netas atribuidas de CINEMARK fueron de 171,9 millones de d\u00f3lares en el conjunto de los nueve primeros meses de 2022, un 59,9 por ciento menos que en el mismo periodo de 2021. La facturaci\u00f3n fue de 1.855 millones, un 120 por ciento m\u00e1s que en el mismo periodo del ejercicio precedente.<\/p>\n<p>&nbsp;<\/p>\n<p>Fuente: EUROPA PRESS<\/p>\n<p><strong>\u00a0<\/strong><\/p>\n<p>&nbsp;<\/p>\n","protected":false},"excerpt":{"rendered":"<p>MADRID, (EUROPA PRESS) &#8211; &nbsp; La cadena de cines CINEMARK, <a href=\"https:\/\/sertv.gob.pa\/nacionalfm\/cinemark-pierde-245-millones-en-el-tercer-trimestre-un-685-menos\/\"> [&#8230;]<\/a><\/p>\n","protected":false},"author":9,"featured_media":89196,"comment_status":"closed","ping_status":"closed","sticky":false,"template":"","format":"standard","meta":{"footnotes":""},"categories":[3],"tags":[],"class_list":["post-89195","post","type-post","status-publish","format-standard","has-post-thumbnail","hentry","category-internacionales"],"_links":{"self":[{"href":"https:\/\/sertv.gob.pa\/nacionalfm\/wp-json\/wp\/v2\/posts\/89195","targetHints":{"allow":["GET"]}}],"collection":[{"href":"https:\/\/sertv.gob.pa\/nacionalfm\/wp-json\/wp\/v2\/posts"}],"about":[{"href":"https:\/\/sertv.gob.pa\/nacionalfm\/wp-json\/wp\/v2\/types\/post"}],"author":[{"embeddable":true,"href":"https:\/\/sertv.gob.pa\/nacionalfm\/wp-json\/wp\/v2\/users\/9"}],"replies":[{"embeddable":true,"href":"https:\/\/sertv.gob.pa\/nacionalfm\/wp-json\/wp\/v2\/comments?post=89195"}],"version-history":[{"count":1,"href":"https:\/\/sertv.gob.pa\/nacionalfm\/wp-json\/wp\/v2\/posts\/89195\/revisions"}],"predecessor-version":[{"id":89197,"href":"https:\/\/sertv.gob.pa\/nacionalfm\/wp-json\/wp\/v2\/posts\/89195\/revisions\/89197"}],"wp:featuredmedia":[{"embeddable":true,"href":"https:\/\/sertv.gob.pa\/nacionalfm\/wp-json\/wp\/v2\/media\/89196"}],"wp:attachment":[{"href":"https:\/\/sertv.gob.pa\/nacionalfm\/wp-json\/wp\/v2\/media?parent=89195"}],"wp:term":[{"taxonomy":"category","embeddable":true,"href":"https:\/\/sertv.gob.pa\/nacionalfm\/wp-json\/wp\/v2\/categories?post=89195"},{"taxonomy":"post_tag","embeddable":true,"href":"https:\/\/sertv.gob.pa\/nacionalfm\/wp-json\/wp\/v2\/tags?post=89195"}],"curies":[{"name":"wp","href":"https:\/\/api.w.org\/{rel}","templated":true}]}}