{"id":89234,"date":"2022-11-07T20:01:32","date_gmt":"2022-11-07T20:01:32","guid":{"rendered":"https:\/\/sertv.gob.pa\/nacionalfm\/?p=89234"},"modified":"2022-11-07T20:01:32","modified_gmt":"2022-11-07T20:01:32","slug":"tres-migrantes-saltan-por-la-borda-del-barco-de-msf-ante-el-bloqueo-en-italia","status":"publish","type":"post","link":"https:\/\/sertv.gob.pa\/nacionalfm\/tres-migrantes-saltan-por-la-borda-del-barco-de-msf-ante-el-bloqueo-en-italia\/","title":{"rendered":"Tres migrantes saltan por la borda del barco de MSF ante el bloqueo en Italia"},"content":{"rendered":"<p><strong><em>MADRID, (EUROPA PRESS) &#8211;<\/em><\/strong><\/p>\n<p>Tres migrantes rescatados en el Mediterr\u00e1neo por el barco &#8216;Geo Barents&#8217;, gestionado por la ONG M\u00e9dicos Sin Fronteras, han saltado este lunes por la borda ante la negativa de las autoridades italianas a permitir el desembarco de todas las personas que est\u00e1n a bordo.<\/p>\n<p>\u00ab\u00a1Esta situaci\u00f3n atroz debe terminar ya!\u00bb, ha clamado la organizaci\u00f3n en sus redes sociales, donde ha lamentado la acci\u00f3n emprendida por estas tres personas. Tambi\u00e9n se han exhibido carteles en las que los migrantes claman \u00abayuda\u00bb al Gobierno de Italia.<\/p>\n<p>La ONG ya hab\u00eda denunciado que la situaci\u00f3n a bordo era \u00abinsostenible\u00bb, despu\u00e9s de que las autoridades italianas no autorizasen el desembarco de 215 de las 572 personas rescatadas por el &#8216;Geo Barents&#8217;. Adem\u00e1s de este barco, hay otros tres que esperan alg\u00fan tipo de gesto para completar la evacuaci\u00f3n.<\/p>\n<p>\u00abEstamos viendo ataques de p\u00e1nico entre los supervivientes\u00bb, ha afirmado el responsable de Operaciones en el &#8216;Geo Barents&#8217;, Ricardo Gatti. \u00abLa situaci\u00f3n en cuanto a vulnerabilidad, al menos psicol\u00f3gicamente, evidentemente sigue vigente\u00bb, ha advertido en un comunicado.<\/p>\n<p>&nbsp;<\/p>\n<p>Fuente: EUROPA PRESS<\/p>\n","protected":false},"excerpt":{"rendered":"<p>MADRID, (EUROPA PRESS) &#8211; Tres migrantes rescatados en el Mediterr\u00e1neo <a href=\"https:\/\/sertv.gob.pa\/nacionalfm\/tres-migrantes-saltan-por-la-borda-del-barco-de-msf-ante-el-bloqueo-en-italia\/\"> [&#8230;]<\/a><\/p>\n","protected":false},"author":9,"featured_media":89235,"comment_status":"closed","ping_status":"closed","sticky":false,"template":"","format":"standard","meta":{"footnotes":""},"categories":[3],"tags":[],"class_list":["post-89234","post","type-post","status-publish","format-standard","has-post-thumbnail","hentry","category-internacionales"],"_links":{"self":[{"href":"https:\/\/sertv.gob.pa\/nacionalfm\/wp-json\/wp\/v2\/posts\/89234","targetHints":{"allow":["GET"]}}],"collection":[{"href":"https:\/\/sertv.gob.pa\/nacionalfm\/wp-json\/wp\/v2\/posts"}],"about":[{"href":"https:\/\/sertv.gob.pa\/nacionalfm\/wp-json\/wp\/v2\/types\/post"}],"author":[{"embeddable":true,"href":"https:\/\/sertv.gob.pa\/nacionalfm\/wp-json\/wp\/v2\/users\/9"}],"replies":[{"embeddable":true,"href":"https:\/\/sertv.gob.pa\/nacionalfm\/wp-json\/wp\/v2\/comments?post=89234"}],"version-history":[{"count":1,"href":"https:\/\/sertv.gob.pa\/nacionalfm\/wp-json\/wp\/v2\/posts\/89234\/revisions"}],"predecessor-version":[{"id":89236,"href":"https:\/\/sertv.gob.pa\/nacionalfm\/wp-json\/wp\/v2\/posts\/89234\/revisions\/89236"}],"wp:featuredmedia":[{"embeddable":true,"href":"https:\/\/sertv.gob.pa\/nacionalfm\/wp-json\/wp\/v2\/media\/89235"}],"wp:attachment":[{"href":"https:\/\/sertv.gob.pa\/nacionalfm\/wp-json\/wp\/v2\/media?parent=89234"}],"wp:term":[{"taxonomy":"category","embeddable":true,"href":"https:\/\/sertv.gob.pa\/nacionalfm\/wp-json\/wp\/v2\/categories?post=89234"},{"taxonomy":"post_tag","embeddable":true,"href":"https:\/\/sertv.gob.pa\/nacionalfm\/wp-json\/wp\/v2\/tags?post=89234"}],"curies":[{"name":"wp","href":"https:\/\/api.w.org\/{rel}","templated":true}]}}