{"id":89237,"date":"2022-11-07T20:22:21","date_gmt":"2022-11-07T20:22:21","guid":{"rendered":"https:\/\/sertv.gob.pa\/nacionalfm\/?p=89237"},"modified":"2022-11-07T20:22:21","modified_gmt":"2022-11-07T20:22:21","slug":"siete-muertos-al-colisionar-un-autobus-con-dos-camiones-en-turquia","status":"publish","type":"post","link":"https:\/\/sertv.gob.pa\/nacionalfm\/siete-muertos-al-colisionar-un-autobus-con-dos-camiones-en-turquia\/","title":{"rendered":"Siete muertos al colisionar un autob\u00fas con dos camiones en Turqu\u00eda"},"content":{"rendered":"<p><strong><em>MADRID, (EUROPA PRESS) &#8211;<\/em><\/strong><\/p>\n<p>Siete personas han muerto este lunes en Tutak, en la provincia turca de Agri, en el este del pa\u00eds, tras colisionar un autob\u00fas con dos camiones.<\/p>\n<p>Las im\u00e1genes difundidas muestran una columna de humo y altas llamas sobre los restos de los veh\u00edculos en el lugar del accidente. Hasta la zona se desplazaron ambulancias y camiones de bomberos y se ha abierto una investigaci\u00f3n sobre lo ocurrido, seg\u00fan recoge el diario turco &#8216;Daily Sabah&#8217;.<\/p>\n<p>Otros medios de comunicaci\u00f3n turcos han informado de que el autob\u00fas trasladaba a 21 personas cuando choc\u00f3 con dos camiones que transportaban verduras que hab\u00edan colisionado previamente entre s\u00ed.<\/p>\n<p>Los heridos han sido trasladados a hospitales cercanos y el fuego fue extinguido en poco tiempo por los bomberos. La carretera qued\u00f3 cortada al tr\u00e1fico.<\/p>\n<p>&nbsp;<\/p>\n<p>Fuente: EUROPA PRESS<\/p>\n<p>&nbsp;<\/p>\n","protected":false},"excerpt":{"rendered":"<p>MADRID, (EUROPA PRESS) &#8211; Siete personas han muerto este lunes <a href=\"https:\/\/sertv.gob.pa\/nacionalfm\/siete-muertos-al-colisionar-un-autobus-con-dos-camiones-en-turquia\/\"> [&#8230;]<\/a><\/p>\n","protected":false},"author":9,"featured_media":89238,"comment_status":"closed","ping_status":"closed","sticky":false,"template":"","format":"standard","meta":{"footnotes":""},"categories":[3],"tags":[],"class_list":["post-89237","post","type-post","status-publish","format-standard","has-post-thumbnail","hentry","category-internacionales"],"_links":{"self":[{"href":"https:\/\/sertv.gob.pa\/nacionalfm\/wp-json\/wp\/v2\/posts\/89237","targetHints":{"allow":["GET"]}}],"collection":[{"href":"https:\/\/sertv.gob.pa\/nacionalfm\/wp-json\/wp\/v2\/posts"}],"about":[{"href":"https:\/\/sertv.gob.pa\/nacionalfm\/wp-json\/wp\/v2\/types\/post"}],"author":[{"embeddable":true,"href":"https:\/\/sertv.gob.pa\/nacionalfm\/wp-json\/wp\/v2\/users\/9"}],"replies":[{"embeddable":true,"href":"https:\/\/sertv.gob.pa\/nacionalfm\/wp-json\/wp\/v2\/comments?post=89237"}],"version-history":[{"count":1,"href":"https:\/\/sertv.gob.pa\/nacionalfm\/wp-json\/wp\/v2\/posts\/89237\/revisions"}],"predecessor-version":[{"id":89239,"href":"https:\/\/sertv.gob.pa\/nacionalfm\/wp-json\/wp\/v2\/posts\/89237\/revisions\/89239"}],"wp:featuredmedia":[{"embeddable":true,"href":"https:\/\/sertv.gob.pa\/nacionalfm\/wp-json\/wp\/v2\/media\/89238"}],"wp:attachment":[{"href":"https:\/\/sertv.gob.pa\/nacionalfm\/wp-json\/wp\/v2\/media?parent=89237"}],"wp:term":[{"taxonomy":"category","embeddable":true,"href":"https:\/\/sertv.gob.pa\/nacionalfm\/wp-json\/wp\/v2\/categories?post=89237"},{"taxonomy":"post_tag","embeddable":true,"href":"https:\/\/sertv.gob.pa\/nacionalfm\/wp-json\/wp\/v2\/tags?post=89237"}],"curies":[{"name":"wp","href":"https:\/\/api.w.org\/{rel}","templated":true}]}}