{"id":8925,"date":"2015-11-24T16:29:54","date_gmt":"2015-11-24T16:29:54","guid":{"rendered":""},"modified":"2015-11-24T16:29:54","modified_gmt":"2015-11-24T16:29:54","slug":"error-humano-en-entrega-de-leche-vencida","status":"publish","type":"post","link":"https:\/\/sertv.gob.pa\/nacionalfm\/error-humano-en-entrega-de-leche-vencida\/","title":{"rendered":"Error humano en entrega de leche vencida"},"content":{"rendered":"<p>\nLuego de que la ma\u00f1ana de ayer lunes, una fuente que solicit\u00f3 \u00a0reserva de su nombre denunciara a trav\u00e9s de los medios de comunicaci\u00f3n que un familiar suyo que hab\u00eda sido atendido en el hospital materno infantil Jos\u00e9 Domingo de Obald\u00eda, en David, Chiriqu\u00ed, hab\u00eda recibido leche vencida, la direcci\u00f3n del nosocomio reconoci\u00f3 el error.<br \/>\n\u00a0 <\/p>\n<p>A trav\u00e9s de un comunicado el hospital materno infantil reconoci\u00f3 que, tras las investigaciones\u00a0 efectuadas, se determin\u00f3 que la situaci\u00f3n se registr\u00f3 en el cuarto de urgencias de pediatr\u00eda y que se debi\u00f3 a un error humano al suministrar f\u00f3rmula (leche) suplementaria para ni\u00f1os que se hallaba vencida.<br \/>\n\u00a0 <\/p>\n<p>En la nota igualmente se indica que se trataba de una peque\u00f1a cantidad del producto, la cual fue recibida en calidad de donaci\u00f3n por parte de una empresa privada y no del Ministerio de Salud.<br \/>\n\u00a0 <\/p>\n<p>El patronato y la direcci\u00f3n del hospital materno infantil, por medio del comunicado, lamentaron la situaci\u00f3n y aseguraron que las investigaciones a lo interno todav\u00eda se mantienen para que dicha situaci\u00f3n no vuelva a darse y que ser\u00e1n garantes de que se cumpla con las normas de salud para este tipo de donaciones, ya que es un centro de atenci\u00f3n que promueve la lactancia materna.<br \/>\n\u00a0 <\/p>\n","protected":false},"excerpt":{"rendered":"<p>Luego de que la ma\u00f1ana de ayer lunes, una fuente <a href=\"https:\/\/sertv.gob.pa\/nacionalfm\/error-humano-en-entrega-de-leche-vencida\/\"> [&#8230;]<\/a><\/p>\n","protected":false},"author":1,"featured_media":8926,"comment_status":"closed","ping_status":"closed","sticky":false,"template":"","format":"standard","meta":{"footnotes":""},"categories":[5],"tags":[],"class_list":["post-8925","post","type-post","status-publish","format-standard","has-post-thumbnail","hentry","category-salud"],"_links":{"self":[{"href":"https:\/\/sertv.gob.pa\/nacionalfm\/wp-json\/wp\/v2\/posts\/8925","targetHints":{"allow":["GET"]}}],"collection":[{"href":"https:\/\/sertv.gob.pa\/nacionalfm\/wp-json\/wp\/v2\/posts"}],"about":[{"href":"https:\/\/sertv.gob.pa\/nacionalfm\/wp-json\/wp\/v2\/types\/post"}],"author":[{"embeddable":true,"href":"https:\/\/sertv.gob.pa\/nacionalfm\/wp-json\/wp\/v2\/users\/1"}],"replies":[{"embeddable":true,"href":"https:\/\/sertv.gob.pa\/nacionalfm\/wp-json\/wp\/v2\/comments?post=8925"}],"version-history":[{"count":0,"href":"https:\/\/sertv.gob.pa\/nacionalfm\/wp-json\/wp\/v2\/posts\/8925\/revisions"}],"wp:featuredmedia":[{"embeddable":true,"href":"https:\/\/sertv.gob.pa\/nacionalfm\/wp-json\/wp\/v2\/media\/8926"}],"wp:attachment":[{"href":"https:\/\/sertv.gob.pa\/nacionalfm\/wp-json\/wp\/v2\/media?parent=8925"}],"wp:term":[{"taxonomy":"category","embeddable":true,"href":"https:\/\/sertv.gob.pa\/nacionalfm\/wp-json\/wp\/v2\/categories?post=8925"},{"taxonomy":"post_tag","embeddable":true,"href":"https:\/\/sertv.gob.pa\/nacionalfm\/wp-json\/wp\/v2\/tags?post=8925"}],"curies":[{"name":"wp","href":"https:\/\/api.w.org\/{rel}","templated":true}]}}