{"id":89253,"date":"2022-11-08T14:34:06","date_gmt":"2022-11-08T14:34:06","guid":{"rendered":"https:\/\/sertv.gob.pa\/nacionalfm\/?p=89253"},"modified":"2022-11-08T14:34:06","modified_gmt":"2022-11-08T14:34:06","slug":"lucresia-chavez-la-artesana-ocuena-que-hace-patria-con-la-confeccion-de-polleras-montunas","status":"publish","type":"post","link":"https:\/\/sertv.gob.pa\/nacionalfm\/lucresia-chavez-la-artesana-ocuena-que-hace-patria-con-la-confeccion-de-polleras-montunas\/","title":{"rendered":"Lucresia Ch\u00e1vez, la artesana ocue\u00f1a que hace patria con la confecci\u00f3n de polleras montunas"},"content":{"rendered":"<p><strong><em>-Emprendimiento-<\/em><\/strong><\/p>\n<p>&nbsp;<\/p>\n<ul>\n<li>Conoce la historia de una artesana que con su trabajo, dedicaci\u00f3n y empe\u00f1o ha contribuido al desarrollo de la cultura paname\u00f1a.<\/li>\n<li>Al igual que Lucresia, otros 121 mil paname\u00f1os (as) de todo el pa\u00eds, est\u00e1n bajo la cobertura del programa 120 a los 65, que brinda protecci\u00f3n a aquellos paname\u00f1os (as) que, por su edad y vulnerabilidad social, no perciben ingresos.<\/li>\n<\/ul>\n<p>&nbsp;<\/p>\n<p>Lucresia Ch\u00e1vez, tiene m\u00e1s de 30 a\u00f1os de estar dando c\u00e1tedra de c\u00f3mo se confeccionan las polleras montunas ocue\u00f1as, las camisas estilizadas, las cambras, las camisillas y otras piezas t\u00edpicas de nuestro pa\u00eds.<\/p>\n<p>A sus 66 a\u00f1os, esta veterana artesana, beneficiaria del programa 120 a los 65 del Ministerio de Desarrollo Social (MIDES), ha logrado acumular una vasta experiencia en los menesteres de la costura.<\/p>\n<p>El murmullo de su m\u00e1quina de coser, avisa que, su emprendimiento est\u00e1 en marcha. Los retazos de tela se unen con los encajes y, luego de varios minutos, el dise\u00f1o de una pollera se asoma. Hace una pausa y su m\u00e1quina de coser se detiene, abre un caj\u00f3n de madera y saca de este hilo y aguja, y con la precisi\u00f3n de un cirujano, los ensarta para hacer un zig zag en medio de dos l\u00edneas. Remata la costura con dos lacitos de color azul. Esta t\u00e9cnica, la repite una y otra vez, hasta obtener l\u00edneas paralelas perfectas.<\/p>\n<p>Transcurrir\u00e1 m\u00e1s de un mes para que esta pollera est\u00e9 lista. M\u00e1s del 80% de su trabajo lo hace a mano, de all\u00ed, que sus polleras, son conocidas por toda la provincia de Herrera.<\/p>\n<p>El emprendimiento de Lucresia es peque\u00f1o. Sus pedidos llegan para fechas puntuales como: las fiestas patrias y el Festival Nacional del Manito Ocue\u00f1o, que se celebra en el mes de agosto.<\/p>\n<p>Cuenta que, parte del material que utiliza para la confecci\u00f3n de sus vestidos, lo obtiene de la transferencia que recibe del programa 120 a los 65.<\/p>\n<p>Para esta encantadora abuela ocue\u00f1a, su emprendimiento tiene una doble funci\u00f3n: generar recursos para su familia y mantenerla ocupada. Y es que, con la costura se entretiene y mantiene activa.<\/p>\n<p>\u201cSiempre estoy dise\u00f1ando, pensando en c\u00f3mo puedo mejorar mi t\u00e9cnica, y eso es bueno para m\u00ed. Todos tenemos un talento, el m\u00edo, es dise\u00f1ar polleras\u201d, destac\u00f3.<\/p>\n<p>Lucresia, curs\u00f3 hasta sexto grado de primaria, pero es toda una profesional en lo que respecta a la costura. Asegura que, aprendi\u00f3 observando a su padre y que, en la confecci\u00f3n de su primer traje, fue que intuy\u00f3 que la costura era lo suyo, por eso ha dedicado toda su vida productiva a este oficio.<\/p>\n<p>Con gran orgullo dijo que, sus vestidos, han llegado a lo m\u00e1s alto en diversos concursos. En el Festival del Manito, sus polleras, han sido premiadas con el primer y segundo puesto. Para ella, representar a su pueblo natal en estos eventos es el mejor regalo que le ha brindado la vida.<\/p>\n<p>A su memoria llegan sus a\u00f1os mozos, en los que no tuvo la oportunidad de obtener un empleo que le permitiera cotizar para una jubilaci\u00f3n o pensi\u00f3n. Para ese entonces -recuerda Lucrecia- no era usual que las empresas pagaran seguro social.<\/p>\n<p>Esa fue la raz\u00f3n por la que nunca cotiz\u00f3 o pudo acceder a ning\u00fan programa de protecci\u00f3n social. Por eso, 120 a los 65, representa esa jubilaci\u00f3n que nunca tuvo, pero que siempre mereci\u00f3.<\/p>\n<p>Al igual que Lucresia, otros 121 mil paname\u00f1os (as) de todo el pa\u00eds, est\u00e1n bajo la cobertura del programa 120 a los 65, que brinda protecci\u00f3n a aquellos paname\u00f1os (as) que, por su edad y vulnerabilidad social, no perciben ingresos.<\/p>\n<p>Con la transferencia que recibe Lucrecia, compra medicamentos y alimentos. Pero eso no es todo. Desde que ingres\u00f3 al programa, ha podido acceder a los servicios m\u00e9dicos de forma gratuita.<\/p>\n<p><strong>Nuestros programas fomentan el emprendimiento<\/strong><\/p>\n<p>120 a los 65, que forma parte de los Programas de Transferencias Monetarias Condicionada (PTMC), tiene un componente de g\u00e9nero, al beneficiar a 73,657 mujeres, lo que representa el 60% del total de beneficios.<\/p>\n<p>De acuerdo con un informe del programa, la mayor\u00eda de los beneficiarios, se encuentran en la provincia de Panam\u00e1, con 22,663 inscritos; seguido de Chiriqu\u00ed, con 19,425; Veraguas, con 16,921; Panam\u00e1 Oeste con 13,768, y Cocl\u00e9, con 12,926 inscritos.<\/p>\n<p>Mientras que, en la provincia de Herrera, el programa 120 a los 65 beneficia a 4,625 mujeres que, al igual que Lucresia, no tienen un seguro social.<\/p>\n<p>La ministra del MIDES, Mar\u00eda In\u00e9s Castillo, indic\u00f3 que, el programa 120 a los 65, fue desarrollado para proteger a los adultos mayores que viven en vulnerabilidad social y aquellos que nunca pudieron cotizar un seguro social.<\/p>\n<p>En ese sentido, destac\u00f3 que, el MIDES, est\u00e1 comprometido con preservar la seguridad alimentaria de aquellos que se han quedado atr\u00e1s en el desarrollo social.<\/p>\n<p>\u201cPor eso, estamos comprometidos con reforzar nuestro programa, para que los recursos del Estado, lleguen a los que m\u00e1s lo necesitan\u201d, precis\u00f3.<\/p>\n<p>Por su parte, la directora del MIDES en Herrera, Cintia Ure\u00f1a, indic\u00f3 que, los adultos mayores como Lucresia, tienen mucho que demostrar. Asegur\u00f3 que, desde el MIDES est\u00e1n comprometidos con brindarle a todos los adultos mayores los espacios y las herramientas para que puedan desarrollar todas sus habilidades.<\/p>\n<p>Sin duda hay muchas formas de hacer patria. Lucresia Ch\u00e1vez, lo hace con su m\u00e1quina de coser y con su aguja, con ese talento que le hered\u00f3 su padre y que le ha regalado las mejores experiencias.<\/p>\n<p>&nbsp;<\/p>\n<p>Fuente: MIDES<\/p>\n<p>&nbsp;<\/p>\n","protected":false},"excerpt":{"rendered":"<p>-Emprendimiento- &nbsp; Conoce la historia de una artesana que con <a href=\"https:\/\/sertv.gob.pa\/nacionalfm\/lucresia-chavez-la-artesana-ocuena-que-hace-patria-con-la-confeccion-de-polleras-montunas\/\"> [&#8230;]<\/a><\/p>\n","protected":false},"author":9,"featured_media":89254,"comment_status":"closed","ping_status":"closed","sticky":false,"template":"","format":"standard","meta":{"footnotes":""},"categories":[2],"tags":[],"class_list":["post-89253","post","type-post","status-publish","format-standard","has-post-thumbnail","hentry","category-nacionales"],"_links":{"self":[{"href":"https:\/\/sertv.gob.pa\/nacionalfm\/wp-json\/wp\/v2\/posts\/89253","targetHints":{"allow":["GET"]}}],"collection":[{"href":"https:\/\/sertv.gob.pa\/nacionalfm\/wp-json\/wp\/v2\/posts"}],"about":[{"href":"https:\/\/sertv.gob.pa\/nacionalfm\/wp-json\/wp\/v2\/types\/post"}],"author":[{"embeddable":true,"href":"https:\/\/sertv.gob.pa\/nacionalfm\/wp-json\/wp\/v2\/users\/9"}],"replies":[{"embeddable":true,"href":"https:\/\/sertv.gob.pa\/nacionalfm\/wp-json\/wp\/v2\/comments?post=89253"}],"version-history":[{"count":1,"href":"https:\/\/sertv.gob.pa\/nacionalfm\/wp-json\/wp\/v2\/posts\/89253\/revisions"}],"predecessor-version":[{"id":89259,"href":"https:\/\/sertv.gob.pa\/nacionalfm\/wp-json\/wp\/v2\/posts\/89253\/revisions\/89259"}],"wp:featuredmedia":[{"embeddable":true,"href":"https:\/\/sertv.gob.pa\/nacionalfm\/wp-json\/wp\/v2\/media\/89254"}],"wp:attachment":[{"href":"https:\/\/sertv.gob.pa\/nacionalfm\/wp-json\/wp\/v2\/media?parent=89253"}],"wp:term":[{"taxonomy":"category","embeddable":true,"href":"https:\/\/sertv.gob.pa\/nacionalfm\/wp-json\/wp\/v2\/categories?post=89253"},{"taxonomy":"post_tag","embeddable":true,"href":"https:\/\/sertv.gob.pa\/nacionalfm\/wp-json\/wp\/v2\/tags?post=89253"}],"curies":[{"name":"wp","href":"https:\/\/api.w.org\/{rel}","templated":true}]}}