{"id":89288,"date":"2022-11-08T19:20:34","date_gmt":"2022-11-08T19:20:34","guid":{"rendered":"https:\/\/sertv.gob.pa\/nacionalfm\/?p=89288"},"modified":"2022-11-08T19:20:34","modified_gmt":"2022-11-08T19:20:34","slug":"el-ocean-viking-navega-hacia-francia-tras-el-rechazo-de-italia-a-sus-migrantes","status":"publish","type":"post","link":"https:\/\/sertv.gob.pa\/nacionalfm\/el-ocean-viking-navega-hacia-francia-tras-el-rechazo-de-italia-a-sus-migrantes\/","title":{"rendered":"El &#8216;Ocean Viking&#8217; navega hacia Francia tras el rechazo de Italia a sus migrantes"},"content":{"rendered":"<p>\u00abLa situaci\u00f3n a bordo ha llegado a un punto cr\u00edtico\u00bb, alerta la ONG SOS Mediterran\u00e9e<\/p>\n<p><strong><em>MADRID, (EUROPA PRESS) &#8211;<\/em><\/strong><\/p>\n<p>&nbsp;<\/p>\n<p>El barco &#8216;Ocean Viking&#8217;, gestionado por la ONG SOS Mediterran\u00e9e, ha emprendido rumbo hacia Francia tras esperar en vano una autorizaci\u00f3n de las autoridades de Italia para desembarcar a los 234 migrantes y refugiados que transporta, ya que \u00abla situaci\u00f3n a bordo ha llegado a un punto cr\u00edtico\u00bb.<\/p>\n<p>Tras dos semanas \u00abatrapados\u00bb en el mar, la directora general de la organizaci\u00f3n, Sophie Beau, ha advertido de que hay riesgos \u00abmuy graves\u00bb a bordo, hasta el punto de que no se descarta que haya muertes. En los \u00faltimos d\u00edas, el Gobierno italiano s\u00f3lo ha permitido desembarcos selectivos, de las personas consideradas m\u00e1s vulnerables.<\/p>\n<p>\u00abDespu\u00e9s de esperar mucho tiempo una respuesta a las m\u00faltiples solicitudes de un lugar seguro, los supervivientes est\u00e1n perdiendo el \u00faltimo atisbo de esperanza y la incre\u00edble resiliencia que han demostrado hasta ahora. Algunos han comenzado a expresar su intenci\u00f3n de tirarse por la borda por desesperaci\u00f3n\u00bb, ha se\u00f1alado Beau en un comunicado.<\/p>\n<p>La ONG considera \u00abinexplicable\u00bb el silencio de las autoridades italianas, extensible a otros barcos de rescate en circunstancias similares, y ante la \u00abexcepcionalidad\u00bb de la situaci\u00f3n ha decidido comenzar a navegar hacia las costas de Francia. Prev\u00e9 llegar a aguas internacionales cercanas a C\u00f3rcega el jueves.<\/p>\n<p>Se trata de una \u00absoluci\u00f3n extrema\u00bb fruto de una irresponsabilidad que, seg\u00fan la organizaci\u00f3n, compete a todos los Estados miembro de la Uni\u00f3n Europea. Ahora, conf\u00eda en que al menos las autoridades francesas provean una \u00absoluci\u00f3n inmediata\u00bb para las m\u00e1s de 200 personas a bordo del &#8216;Ocean Viking&#8217;.<\/p>\n<p>&nbsp;<\/p>\n<p>Fuente: EUROPA PRESS<\/p>\n<p>&nbsp;<\/p>\n","protected":false},"excerpt":{"rendered":"<p>\u00abLa situaci\u00f3n a bordo ha llegado a un punto cr\u00edtico\u00bb, <a href=\"https:\/\/sertv.gob.pa\/nacionalfm\/el-ocean-viking-navega-hacia-francia-tras-el-rechazo-de-italia-a-sus-migrantes\/\"> [&#8230;]<\/a><\/p>\n","protected":false},"author":9,"featured_media":78903,"comment_status":"closed","ping_status":"closed","sticky":false,"template":"","format":"standard","meta":{"footnotes":""},"categories":[3],"tags":[],"class_list":["post-89288","post","type-post","status-publish","format-standard","has-post-thumbnail","hentry","category-internacionales"],"_links":{"self":[{"href":"https:\/\/sertv.gob.pa\/nacionalfm\/wp-json\/wp\/v2\/posts\/89288","targetHints":{"allow":["GET"]}}],"collection":[{"href":"https:\/\/sertv.gob.pa\/nacionalfm\/wp-json\/wp\/v2\/posts"}],"about":[{"href":"https:\/\/sertv.gob.pa\/nacionalfm\/wp-json\/wp\/v2\/types\/post"}],"author":[{"embeddable":true,"href":"https:\/\/sertv.gob.pa\/nacionalfm\/wp-json\/wp\/v2\/users\/9"}],"replies":[{"embeddable":true,"href":"https:\/\/sertv.gob.pa\/nacionalfm\/wp-json\/wp\/v2\/comments?post=89288"}],"version-history":[{"count":1,"href":"https:\/\/sertv.gob.pa\/nacionalfm\/wp-json\/wp\/v2\/posts\/89288\/revisions"}],"predecessor-version":[{"id":89290,"href":"https:\/\/sertv.gob.pa\/nacionalfm\/wp-json\/wp\/v2\/posts\/89288\/revisions\/89290"}],"wp:featuredmedia":[{"embeddable":true,"href":"https:\/\/sertv.gob.pa\/nacionalfm\/wp-json\/wp\/v2\/media\/78903"}],"wp:attachment":[{"href":"https:\/\/sertv.gob.pa\/nacionalfm\/wp-json\/wp\/v2\/media?parent=89288"}],"wp:term":[{"taxonomy":"category","embeddable":true,"href":"https:\/\/sertv.gob.pa\/nacionalfm\/wp-json\/wp\/v2\/categories?post=89288"},{"taxonomy":"post_tag","embeddable":true,"href":"https:\/\/sertv.gob.pa\/nacionalfm\/wp-json\/wp\/v2\/tags?post=89288"}],"curies":[{"name":"wp","href":"https:\/\/api.w.org\/{rel}","templated":true}]}}