{"id":89291,"date":"2022-11-08T19:37:43","date_gmt":"2022-11-08T19:37:43","guid":{"rendered":"https:\/\/sertv.gob.pa\/nacionalfm\/?p=89291"},"modified":"2022-11-08T19:37:43","modified_gmt":"2022-11-08T19:37:43","slug":"el-papa-almorzara-y-celebrara-una-misa-con-unos-1-300-indigentes-el-domingo","status":"publish","type":"post","link":"https:\/\/sertv.gob.pa\/nacionalfm\/el-papa-almorzara-y-celebrara-una-misa-con-unos-1-300-indigentes-el-domingo\/","title":{"rendered":"El Papa almorzar\u00e1 y celebrar\u00e1 una misa con unos 1.300 indigentes el domingo"},"content":{"rendered":"<p><strong><em>ROMA, (EUROPA PRESS) &#8211;<\/em><\/strong><\/p>\n<p>&nbsp;<\/p>\n<p>El Papa celebrar\u00e1 una misa este domingo 13 de noviembre en la Plaza de San Pedro del Vaticano en la que tambi\u00e9n participar\u00e1n cientos de indigentes y despu\u00e9s almorzar\u00e1 con todos ellos en el aula Pablo VI del Vaticano.<\/p>\n<p>Seg\u00fan ha explicado la oficina de prensa del Vaticano, est\u00e1 previsto que participen unas 1.300 personas pobres ofrecida por la empresa italiana de transporte mar\u00edtimo d&#8217;Amico Societ\u00e0 di Navigazione S.p.A.<\/p>\n<p>Adem\u00e1s, tras un par\u00f3n de dos a\u00f1os debido a las restricciones provocadas por la pandemia del COVID-19, se pondr\u00e1 de nuevo en marcha el ambulatorio y el dispensario m\u00e9dico de la Plaza de San Pedro.<\/p>\n<p>El objetivo es garantizar a los pobres que malviven por las calles adyacentes al Vaticano y que -en su mayor\u00eda no tienen en regla la documentaci\u00f3n sanitaria y por tanto est\u00e1n excluidos de la Seguridad Social italiana- el acceso a pruebas m\u00e9dicas as\u00ed como el suministro de la medicaci\u00f3n necesaria.<\/p>\n<p>Del lunes 7 de noviembre al domingo 13 ofrecer\u00e1n gratuitamente reconocimientos m\u00e9dicos generales, electrocardiogramas, an\u00e1lisis de sangre, vacunas contra la gripe y pruebas de COVID-19.<\/p>\n<p>Tambi\u00e9n habr\u00e1 una furgoneta equipada para realizar test para detectar la presencia de virus como el VHC (hepatitis C), el VIH o la tuberculosis.<\/p>\n<p>Los servicios del centro de salud estar\u00e1n disponibles todos los d\u00edas de 8 a 19 horas, y todos los pobres que acudan a las dependencias de la plaza de San Pedro podr\u00e1n solicitar que les sean realizados estos ex\u00e1menes m\u00e9dicos.<\/p>\n<p><strong>REPARTO DE ALIMENTOS<\/strong><\/p>\n<p>Asimismo, Francisco est\u00e1 apoyando a las parroquias en su servicio de distribuci\u00f3n de paquetes de alimentos. En concreto, se entregar\u00e1n 5.000 cajas de alimentos en toda Roma a los p\u00e1rrocos que lo hayan solicitado. La iniciativa fue posible gracias a la generosidad de la cadena de supermercados Elite, que ofreci\u00f3 los productos.<\/p>\n<p>Se trata de 10 toneladas de pasta, 5 toneladas de arroz, harina, az\u00facar, sal y caf\u00e9, y 5 mil litros de aceite y leche. Por otro lado, las familias vulnerables que tengan dificultad para hacer frente a la subida de los precios de las facturas tambi\u00e9n ser\u00e1n asistidas. Los seguros UnipolSai Assicurazioni ayudar\u00e1n a estas personas a pagar las facturas de gas y electricidad.<\/p>\n<p>&nbsp;<\/p>\n<p>Fuente: EUROPA PRESS<\/p>\n","protected":false},"excerpt":{"rendered":"<p>ROMA, (EUROPA PRESS) &#8211; &nbsp; El Papa celebrar\u00e1 una misa <a href=\"https:\/\/sertv.gob.pa\/nacionalfm\/el-papa-almorzara-y-celebrara-una-misa-con-unos-1-300-indigentes-el-domingo\/\"> [&#8230;]<\/a><\/p>\n","protected":false},"author":9,"featured_media":89292,"comment_status":"closed","ping_status":"closed","sticky":false,"template":"","format":"standard","meta":{"footnotes":""},"categories":[3],"tags":[],"class_list":["post-89291","post","type-post","status-publish","format-standard","has-post-thumbnail","hentry","category-internacionales"],"_links":{"self":[{"href":"https:\/\/sertv.gob.pa\/nacionalfm\/wp-json\/wp\/v2\/posts\/89291","targetHints":{"allow":["GET"]}}],"collection":[{"href":"https:\/\/sertv.gob.pa\/nacionalfm\/wp-json\/wp\/v2\/posts"}],"about":[{"href":"https:\/\/sertv.gob.pa\/nacionalfm\/wp-json\/wp\/v2\/types\/post"}],"author":[{"embeddable":true,"href":"https:\/\/sertv.gob.pa\/nacionalfm\/wp-json\/wp\/v2\/users\/9"}],"replies":[{"embeddable":true,"href":"https:\/\/sertv.gob.pa\/nacionalfm\/wp-json\/wp\/v2\/comments?post=89291"}],"version-history":[{"count":1,"href":"https:\/\/sertv.gob.pa\/nacionalfm\/wp-json\/wp\/v2\/posts\/89291\/revisions"}],"predecessor-version":[{"id":89293,"href":"https:\/\/sertv.gob.pa\/nacionalfm\/wp-json\/wp\/v2\/posts\/89291\/revisions\/89293"}],"wp:featuredmedia":[{"embeddable":true,"href":"https:\/\/sertv.gob.pa\/nacionalfm\/wp-json\/wp\/v2\/media\/89292"}],"wp:attachment":[{"href":"https:\/\/sertv.gob.pa\/nacionalfm\/wp-json\/wp\/v2\/media?parent=89291"}],"wp:term":[{"taxonomy":"category","embeddable":true,"href":"https:\/\/sertv.gob.pa\/nacionalfm\/wp-json\/wp\/v2\/categories?post=89291"},{"taxonomy":"post_tag","embeddable":true,"href":"https:\/\/sertv.gob.pa\/nacionalfm\/wp-json\/wp\/v2\/tags?post=89291"}],"curies":[{"name":"wp","href":"https:\/\/api.w.org\/{rel}","templated":true}]}}