{"id":89342,"date":"2022-11-09T19:32:32","date_gmt":"2022-11-09T19:32:32","guid":{"rendered":"https:\/\/sertv.gob.pa\/nacionalfm\/?p=89342"},"modified":"2022-11-09T19:32:32","modified_gmt":"2022-11-09T19:32:32","slug":"mueren-nueve-refugiados-sirios-incluidos-ocho-ninos-en-un-incendio-en-su-vivienda-en-turquia","status":"publish","type":"post","link":"https:\/\/sertv.gob.pa\/nacionalfm\/mueren-nueve-refugiados-sirios-incluidos-ocho-ninos-en-un-incendio-en-su-vivienda-en-turquia\/","title":{"rendered":"Mueren nueve refugiados sirios, incluidos ocho ni\u00f1os, en un incendio en su vivienda en Turqu\u00eda"},"content":{"rendered":"<p><strong><em>MADRID, (EUROPA PRESS) &#8211;<\/em><\/strong><\/p>\n<p>Al menos nueve refugiados sirios, entre ellos ocho ni\u00f1os, murieron a \u00faltima hora del martes a causa de un incendio registrado en un edificio en la localidad turca de Yildirim, en la provincia de Bursa (noroeste), seg\u00fan han confirmado las autoridades de Turqu\u00eda.<\/p>\n<p>Las v\u00edctimas han sido identificadas como una mujer, sus seis hijos y dos de sus sobrinos, sin que por el momento se hayan aclarado las causas del incendio, que afect\u00f3 al apartamento en el que resid\u00edan de forma temporal, tal y como ha recogido el diario &#8216;Daily Sabah&#8217;.<\/p>\n<p>El gobernador de Bursa, Alinur Aktas, ha relatado que los ni\u00f1os fallecidos ten\u00edan entre uno y once a\u00f1os y ha explicado que \u00abaparentemente estaban dormidos en el momento del incendio, porque parece que no pudieron escapar r\u00e1pidamente y la mayor\u00eda estaban en sus camas\u00bb.<\/p>\n<p>El padre de los ni\u00f1os ha resultado herido a causa de la inhalaci\u00f3n de humo cuando intentaba rescatar a su familia, seg\u00fan el gobernador de Bursa, Yakup Canbolat. El apartamento afectado por las llamas se encuentra en un edificio de cuatro plantas habitado principalmente por refugiados sirios.<\/p>\n<p>&nbsp;<\/p>\n<p>Fuente: EUROPA PRESS<\/p>\n","protected":false},"excerpt":{"rendered":"<p>MADRID, (EUROPA PRESS) &#8211; Al menos nueve refugiados sirios, entre <a href=\"https:\/\/sertv.gob.pa\/nacionalfm\/mueren-nueve-refugiados-sirios-incluidos-ocho-ninos-en-un-incendio-en-su-vivienda-en-turquia\/\"> [&#8230;]<\/a><\/p>\n","protected":false},"author":9,"featured_media":89238,"comment_status":"closed","ping_status":"closed","sticky":false,"template":"","format":"standard","meta":{"footnotes":""},"categories":[3],"tags":[],"class_list":["post-89342","post","type-post","status-publish","format-standard","has-post-thumbnail","hentry","category-internacionales"],"_links":{"self":[{"href":"https:\/\/sertv.gob.pa\/nacionalfm\/wp-json\/wp\/v2\/posts\/89342","targetHints":{"allow":["GET"]}}],"collection":[{"href":"https:\/\/sertv.gob.pa\/nacionalfm\/wp-json\/wp\/v2\/posts"}],"about":[{"href":"https:\/\/sertv.gob.pa\/nacionalfm\/wp-json\/wp\/v2\/types\/post"}],"author":[{"embeddable":true,"href":"https:\/\/sertv.gob.pa\/nacionalfm\/wp-json\/wp\/v2\/users\/9"}],"replies":[{"embeddable":true,"href":"https:\/\/sertv.gob.pa\/nacionalfm\/wp-json\/wp\/v2\/comments?post=89342"}],"version-history":[{"count":1,"href":"https:\/\/sertv.gob.pa\/nacionalfm\/wp-json\/wp\/v2\/posts\/89342\/revisions"}],"predecessor-version":[{"id":89343,"href":"https:\/\/sertv.gob.pa\/nacionalfm\/wp-json\/wp\/v2\/posts\/89342\/revisions\/89343"}],"wp:featuredmedia":[{"embeddable":true,"href":"https:\/\/sertv.gob.pa\/nacionalfm\/wp-json\/wp\/v2\/media\/89238"}],"wp:attachment":[{"href":"https:\/\/sertv.gob.pa\/nacionalfm\/wp-json\/wp\/v2\/media?parent=89342"}],"wp:term":[{"taxonomy":"category","embeddable":true,"href":"https:\/\/sertv.gob.pa\/nacionalfm\/wp-json\/wp\/v2\/categories?post=89342"},{"taxonomy":"post_tag","embeddable":true,"href":"https:\/\/sertv.gob.pa\/nacionalfm\/wp-json\/wp\/v2\/tags?post=89342"}],"curies":[{"name":"wp","href":"https:\/\/api.w.org\/{rel}","templated":true}]}}