{"id":89397,"date":"2022-11-10T20:01:21","date_gmt":"2022-11-10T20:01:21","guid":{"rendered":"https:\/\/sertv.gob.pa\/nacionalfm\/?p=89397"},"modified":"2022-11-10T20:01:21","modified_gmt":"2022-11-10T20:01:21","slug":"nueve-menores-migrantes-solos-de-sudan-llegan-a-italia-gracias-al-primer-corredor-humanitario-creado-para-ellos","status":"publish","type":"post","link":"https:\/\/sertv.gob.pa\/nacionalfm\/nueve-menores-migrantes-solos-de-sudan-llegan-a-italia-gracias-al-primer-corredor-humanitario-creado-para-ellos\/","title":{"rendered":"Nueve menores migrantes solos de Sud\u00e1n llegan a Italia gracias al primer corredor humanitario creado para ellos"},"content":{"rendered":"<p><strong><em>ROMA, (EUROPA PRESS) &#8211;<\/em><\/strong><\/p>\n<p>Nueve ni\u00f1os sudaneses que migraban solos para huir de la guerra en Darfur han llegado a Italia legalmente desde los campos de refugiados de N\u00edger gracias al primer corredor humanitario para menores puesto en marcha por la ONG Intersos, en cooperaci\u00f3n con la Agencia de la ONU para los Refugiados ACNUR.<\/p>\n<p>El primer grupo de cinco ni\u00f1os lleg\u00f3 en octubre de 2021 y el segundo, de cuatro, esta misma semana, seg\u00fan ha informado la organizaci\u00f3n. Este proyecto lleva por t\u00edtulo &#8216;Notas en el bolsillo&#8217; en honor al ni\u00f1o de Mali que se cosi\u00f3 las notas en el bolsillo interior de la chaqueta y se ahog\u00f3 en una patera en 2015 intentando llegar a las costas europeas.<\/p>\n<p>El objetivo del programa es asignarles una familia de acogida y una beca de estudios de 12 meses que les permitir\u00e1 iniciar o continuar sus estudios. En total, se prev\u00e9 la llegada a Italia de 35 chicos de entre 16 y 17 a\u00f1os. La di\u00f3cesis de Tur\u00edn ha sido la primera en apoyar la iniciativa, que ha sido financiada por la Conferencia Episcopal Italiana con 400.000 euros.<\/p>\n<p>En 2016, tres organizaciones religiosas (San Egidio, que asume la mayor parte de las responsabilidades, la Federaci\u00f3n de Iglesias Evang\u00e9licas de Italia y la Mesa Valdesa) activaron los corredores humanitarios ampar\u00e1ndose en los estatutos de la Uni\u00f3n Europea para conceder 500 visados al a\u00f1o por razones humanitarias. En cambio, este proyecto para dar asilo a menores de edad se ha llevado a cabo gracias a un memorando de entendimiento con el Ministerio de Asuntos Exteriores y Cooperaci\u00f3n Italiana, el de Interior y el de Trabajo.<\/p>\n<p>&nbsp;<\/p>\n<p>Fuente: EUROPA PRESS<\/p>\n","protected":false},"excerpt":{"rendered":"<p>ROMA, (EUROPA PRESS) &#8211; Nueve ni\u00f1os sudaneses que migraban solos <a href=\"https:\/\/sertv.gob.pa\/nacionalfm\/nueve-menores-migrantes-solos-de-sudan-llegan-a-italia-gracias-al-primer-corredor-humanitario-creado-para-ellos\/\"> [&#8230;]<\/a><\/p>\n","protected":false},"author":9,"featured_media":89398,"comment_status":"closed","ping_status":"closed","sticky":false,"template":"","format":"standard","meta":{"footnotes":""},"categories":[3],"tags":[],"class_list":["post-89397","post","type-post","status-publish","format-standard","has-post-thumbnail","hentry","category-internacionales"],"_links":{"self":[{"href":"https:\/\/sertv.gob.pa\/nacionalfm\/wp-json\/wp\/v2\/posts\/89397","targetHints":{"allow":["GET"]}}],"collection":[{"href":"https:\/\/sertv.gob.pa\/nacionalfm\/wp-json\/wp\/v2\/posts"}],"about":[{"href":"https:\/\/sertv.gob.pa\/nacionalfm\/wp-json\/wp\/v2\/types\/post"}],"author":[{"embeddable":true,"href":"https:\/\/sertv.gob.pa\/nacionalfm\/wp-json\/wp\/v2\/users\/9"}],"replies":[{"embeddable":true,"href":"https:\/\/sertv.gob.pa\/nacionalfm\/wp-json\/wp\/v2\/comments?post=89397"}],"version-history":[{"count":1,"href":"https:\/\/sertv.gob.pa\/nacionalfm\/wp-json\/wp\/v2\/posts\/89397\/revisions"}],"predecessor-version":[{"id":89399,"href":"https:\/\/sertv.gob.pa\/nacionalfm\/wp-json\/wp\/v2\/posts\/89397\/revisions\/89399"}],"wp:featuredmedia":[{"embeddable":true,"href":"https:\/\/sertv.gob.pa\/nacionalfm\/wp-json\/wp\/v2\/media\/89398"}],"wp:attachment":[{"href":"https:\/\/sertv.gob.pa\/nacionalfm\/wp-json\/wp\/v2\/media?parent=89397"}],"wp:term":[{"taxonomy":"category","embeddable":true,"href":"https:\/\/sertv.gob.pa\/nacionalfm\/wp-json\/wp\/v2\/categories?post=89397"},{"taxonomy":"post_tag","embeddable":true,"href":"https:\/\/sertv.gob.pa\/nacionalfm\/wp-json\/wp\/v2\/tags?post=89397"}],"curies":[{"name":"wp","href":"https:\/\/api.w.org\/{rel}","templated":true}]}}