{"id":89405,"date":"2022-11-10T21:14:19","date_gmt":"2022-11-10T21:14:19","guid":{"rendered":"https:\/\/sertv.gob.pa\/nacionalfm\/?p=89405"},"modified":"2022-11-10T21:14:19","modified_gmt":"2022-11-10T21:14:19","slug":"comunicado-de-la-css-sobre-la-policlinica-laurencio-jaen-ocana","status":"publish","type":"post","link":"https:\/\/sertv.gob.pa\/nacionalfm\/comunicado-de-la-css-sobre-la-policlinica-laurencio-jaen-ocana\/","title":{"rendered":"Comunicado de la CSS, sobre la Policl\u00ednica \u00abLaurencio Ja\u00e9n Oca\u00f1a\u00bb,"},"content":{"rendered":"<p><strong><em>Por medio de comunicado, las autoridades de la Caja del Seguro Social de la Rep\u00fablica de Panam\u00e1, han dado a conocer lo siguiente: <\/em><\/strong><\/p>\n<p>&nbsp;<\/p>\n<p><strong><em>La Caja de Seguro Social (CSS), informa que, el d\u00eda viernes, 11 de noviembre, debido a trabajos de remozamiento y pulimiento de piso en la planta baja de la Policl\u00ednica \u00abLaurencio Ja\u00e9n Oca\u00f1a\u00bb, en Sabanitas, provincia de Col\u00f3n; se\u00a0 suspender\u00e1 la atenci\u00f3n en los servicio de medicina general, odontolog\u00eda, Cl\u00ednica de Heridas, fisioterapia, ortopedia,\u00a0rayos X \u00a0y laboratorio.<\/em><\/strong><\/p>\n<p><strong><em>Se habilit\u00f3\u00a0 un \u00e1rea para\u00a0 farmacia,\u00a0 solo para los pacientes atendidos en el cuarto de urgencias.<\/em><\/strong><\/p>\n<p>En la planta alta, la atenci\u00f3n se brindar\u00e1 de forma regular en todos los servicios que son: ginecolog\u00eda, pediatr\u00eda, crecimiento y desarrollo, estimulaci\u00f3n temprana, salud y seguridad ocupacional y vacunaci\u00f3n; adem\u00e1s de inyectable.<\/p>\n<p>La Direcci\u00f3n M\u00e9dica\u00a0 ofrece disculpas por esta medida, que busca mejorar las condiciones estructurales de esta instalaci\u00f3n de salud.<\/p>\n<p>&nbsp;<\/p>\n<p>Fuente: CSS<\/p>\n","protected":false},"excerpt":{"rendered":"<p>Por medio de comunicado, las autoridades de la Caja del <a href=\"https:\/\/sertv.gob.pa\/nacionalfm\/comunicado-de-la-css-sobre-la-policlinica-laurencio-jaen-ocana\/\"> [&#8230;]<\/a><\/p>\n","protected":false},"author":9,"featured_media":54061,"comment_status":"closed","ping_status":"closed","sticky":false,"template":"","format":"standard","meta":{"footnotes":""},"categories":[2],"tags":[],"class_list":["post-89405","post","type-post","status-publish","format-standard","has-post-thumbnail","hentry","category-nacionales"],"_links":{"self":[{"href":"https:\/\/sertv.gob.pa\/nacionalfm\/wp-json\/wp\/v2\/posts\/89405","targetHints":{"allow":["GET"]}}],"collection":[{"href":"https:\/\/sertv.gob.pa\/nacionalfm\/wp-json\/wp\/v2\/posts"}],"about":[{"href":"https:\/\/sertv.gob.pa\/nacionalfm\/wp-json\/wp\/v2\/types\/post"}],"author":[{"embeddable":true,"href":"https:\/\/sertv.gob.pa\/nacionalfm\/wp-json\/wp\/v2\/users\/9"}],"replies":[{"embeddable":true,"href":"https:\/\/sertv.gob.pa\/nacionalfm\/wp-json\/wp\/v2\/comments?post=89405"}],"version-history":[{"count":1,"href":"https:\/\/sertv.gob.pa\/nacionalfm\/wp-json\/wp\/v2\/posts\/89405\/revisions"}],"predecessor-version":[{"id":89406,"href":"https:\/\/sertv.gob.pa\/nacionalfm\/wp-json\/wp\/v2\/posts\/89405\/revisions\/89406"}],"wp:featuredmedia":[{"embeddable":true,"href":"https:\/\/sertv.gob.pa\/nacionalfm\/wp-json\/wp\/v2\/media\/54061"}],"wp:attachment":[{"href":"https:\/\/sertv.gob.pa\/nacionalfm\/wp-json\/wp\/v2\/media?parent=89405"}],"wp:term":[{"taxonomy":"category","embeddable":true,"href":"https:\/\/sertv.gob.pa\/nacionalfm\/wp-json\/wp\/v2\/categories?post=89405"},{"taxonomy":"post_tag","embeddable":true,"href":"https:\/\/sertv.gob.pa\/nacionalfm\/wp-json\/wp\/v2\/tags?post=89405"}],"curies":[{"name":"wp","href":"https:\/\/api.w.org\/{rel}","templated":true}]}}