{"id":89444,"date":"2022-11-11T19:48:09","date_gmt":"2022-11-11T19:48:09","guid":{"rendered":"https:\/\/sertv.gob.pa\/nacionalfm\/?p=89444"},"modified":"2022-11-11T19:48:09","modified_gmt":"2022-11-11T19:48:09","slug":"al-menos-veinte-muertos-y-medio-centenar-de-heridos-al-explotar-un-camion-cisterna-en-nigeria","status":"publish","type":"post","link":"https:\/\/sertv.gob.pa\/nacionalfm\/al-menos-veinte-muertos-y-medio-centenar-de-heridos-al-explotar-un-camion-cisterna-en-nigeria\/","title":{"rendered":"Al menos veinte muertos y medio centenar de heridos al explotar un cami\u00f3n cisterna en Nigeria"},"content":{"rendered":"<p><strong><em>MADRID, (EUROPA PRESS) &#8211;<\/em><\/strong><\/p>\n<p>&nbsp;<\/p>\n<p>Al menos veinte personas han muerto y medio centenar han resultado heridas al explotar un cami\u00f3n cisterna cuando circulaba por una carretera del estado de Kogi, en el suroeste de Nigeria.<\/p>\n<p>Fuentes cercanas al asunto han indicado en declaraciones al diario &#8216;The Guardian&#8217; que el accidente tuvo lugar tras una disputa entre varios agentes de la Polic\u00eda y los conductores de camiones cisterna junto a un puesto de control.<\/p>\n<p>Posteriormente, las fuerzas de seguridad han abierto fuego contra dos de los veh\u00edculos mientras el resto trataba de bloquear la carretera.<\/p>\n<p>Sin embargo, un cami\u00f3n que pasaba por la zona ha colisionado con uno de los camiones cisterna, lo que ha provocado la explosi\u00f3n. Adem\u00e1s, cerca de una treintena de veh\u00edculos han quedado calcinados tras el siniestro.<\/p>\n<p>&nbsp;<\/p>\n<p>Fuente: EUROPA PRESS<\/p>\n<p>&nbsp;<\/p>\n","protected":false},"excerpt":{"rendered":"<p>MADRID, (EUROPA PRESS) &#8211; &nbsp; Al menos veinte personas han <a href=\"https:\/\/sertv.gob.pa\/nacionalfm\/al-menos-veinte-muertos-y-medio-centenar-de-heridos-al-explotar-un-camion-cisterna-en-nigeria\/\"> [&#8230;]<\/a><\/p>\n","protected":false},"author":9,"featured_media":89445,"comment_status":"closed","ping_status":"closed","sticky":false,"template":"","format":"standard","meta":{"footnotes":""},"categories":[3],"tags":[],"class_list":["post-89444","post","type-post","status-publish","format-standard","has-post-thumbnail","hentry","category-internacionales"],"_links":{"self":[{"href":"https:\/\/sertv.gob.pa\/nacionalfm\/wp-json\/wp\/v2\/posts\/89444","targetHints":{"allow":["GET"]}}],"collection":[{"href":"https:\/\/sertv.gob.pa\/nacionalfm\/wp-json\/wp\/v2\/posts"}],"about":[{"href":"https:\/\/sertv.gob.pa\/nacionalfm\/wp-json\/wp\/v2\/types\/post"}],"author":[{"embeddable":true,"href":"https:\/\/sertv.gob.pa\/nacionalfm\/wp-json\/wp\/v2\/users\/9"}],"replies":[{"embeddable":true,"href":"https:\/\/sertv.gob.pa\/nacionalfm\/wp-json\/wp\/v2\/comments?post=89444"}],"version-history":[{"count":1,"href":"https:\/\/sertv.gob.pa\/nacionalfm\/wp-json\/wp\/v2\/posts\/89444\/revisions"}],"predecessor-version":[{"id":89446,"href":"https:\/\/sertv.gob.pa\/nacionalfm\/wp-json\/wp\/v2\/posts\/89444\/revisions\/89446"}],"wp:featuredmedia":[{"embeddable":true,"href":"https:\/\/sertv.gob.pa\/nacionalfm\/wp-json\/wp\/v2\/media\/89445"}],"wp:attachment":[{"href":"https:\/\/sertv.gob.pa\/nacionalfm\/wp-json\/wp\/v2\/media?parent=89444"}],"wp:term":[{"taxonomy":"category","embeddable":true,"href":"https:\/\/sertv.gob.pa\/nacionalfm\/wp-json\/wp\/v2\/categories?post=89444"},{"taxonomy":"post_tag","embeddable":true,"href":"https:\/\/sertv.gob.pa\/nacionalfm\/wp-json\/wp\/v2\/tags?post=89444"}],"curies":[{"name":"wp","href":"https:\/\/api.w.org\/{rel}","templated":true}]}}