{"id":89447,"date":"2022-11-11T20:04:37","date_gmt":"2022-11-11T20:04:37","guid":{"rendered":"https:\/\/sertv.gob.pa\/nacionalfm\/?p=89447"},"modified":"2022-11-11T20:04:37","modified_gmt":"2022-11-11T20:04:37","slug":"doce-paises-europeos-se-repartiran-a-los-migrantes-del-ocean-viking","status":"publish","type":"post","link":"https:\/\/sertv.gob.pa\/nacionalfm\/doce-paises-europeos-se-repartiran-a-los-migrantes-del-ocean-viking\/","title":{"rendered":"Doce pa\u00edses europeos se repartir\u00e1n a los migrantes del &#8216;Ocean Viking&#8217;"},"content":{"rendered":"<p><strong><em>MADRID, (EUROPA PRESS) &#8211;<\/em><\/strong><\/p>\n<p>&nbsp;<\/p>\n<p>El Gobierno franc\u00e9s ha acordado que los m\u00e1s de 200 migrantes y refugiados trasladados al puerto de Tol\u00f3n por el barco &#8216;Ocean Viking&#8217; se repartan entre al menos doce pa\u00edses, si bien Francia y Alemania asumir\u00e1n la mayor parte, con un tercio del total cada uno.<\/p>\n<p>\u00abA esta hora, once pa\u00edses europeos ya se han comprometido a hacerse cargo de 175 de los 234 pasajeros del &#8216;Ocean Viking'\u00bb, ha anunciado en Twitter el ministro del Interior galo, G\u00e9rald Darmanin, que ha agradecido en Twitter el \u00abapoyo\u00bb brindado a Francia por sus \u00absocios\u00bb. \u00abLa solidaridad europea es un \u00e9xito\u00bb, ha celebrado.<\/p>\n<p>El Ministerio del Interior galo ha aclarado que, adem\u00e1s de Francia y Alemania, se han sumado al acuerdo sobre el &#8216;Ocean Viking&#8217; Malta, Croacia, Ruman\u00eda, Bulgaria, Lituania, Portugal, Luxemburgo, Irlanda, Noruega y Finlandia, seg\u00fan Franceinfo.<\/p>\n<p>La misma solidaridad que celebra Darmanin es la que supuestamente ha echado en falta el Gobierno de Italia para seguir autorizando los desembarcos de migrantes en sus propios puertos, en un a\u00f1o en el que ya ha registrado unas 90.000 llegadas, como ha enfatizado este viernes la primera ministra, Giorgia Meloni.<\/p>\n<p>Francia, de hecho, ha endurecido sus mensajes contra Italia y, como primera medida pr\u00e1ctica, ha suspendido un pacto para acoger a unos 3.500 migrantes. Para Meloni, se trata de una reacci\u00f3n \u00abagresiva\u00bb, \u00abincomprensible\u00bb e \u00abinjustificada, toda vez que \u00abno est\u00e1 escrito\u00bb en ning\u00fan acuerdo \u00abque Italia tenga que ser el \u00fanico puerto de desembarco\u00bb.<\/p>\n<p>&nbsp;<\/p>\n<p>Fuente: EUROPA PRESS<\/p>\n","protected":false},"excerpt":{"rendered":"<p>MADRID, (EUROPA PRESS) &#8211; &nbsp; El Gobierno franc\u00e9s ha acordado <a href=\"https:\/\/sertv.gob.pa\/nacionalfm\/doce-paises-europeos-se-repartiran-a-los-migrantes-del-ocean-viking\/\"> [&#8230;]<\/a><\/p>\n","protected":false},"author":9,"featured_media":89448,"comment_status":"closed","ping_status":"closed","sticky":false,"template":"","format":"standard","meta":{"footnotes":""},"categories":[3],"tags":[],"class_list":["post-89447","post","type-post","status-publish","format-standard","has-post-thumbnail","hentry","category-internacionales"],"_links":{"self":[{"href":"https:\/\/sertv.gob.pa\/nacionalfm\/wp-json\/wp\/v2\/posts\/89447","targetHints":{"allow":["GET"]}}],"collection":[{"href":"https:\/\/sertv.gob.pa\/nacionalfm\/wp-json\/wp\/v2\/posts"}],"about":[{"href":"https:\/\/sertv.gob.pa\/nacionalfm\/wp-json\/wp\/v2\/types\/post"}],"author":[{"embeddable":true,"href":"https:\/\/sertv.gob.pa\/nacionalfm\/wp-json\/wp\/v2\/users\/9"}],"replies":[{"embeddable":true,"href":"https:\/\/sertv.gob.pa\/nacionalfm\/wp-json\/wp\/v2\/comments?post=89447"}],"version-history":[{"count":1,"href":"https:\/\/sertv.gob.pa\/nacionalfm\/wp-json\/wp\/v2\/posts\/89447\/revisions"}],"predecessor-version":[{"id":89449,"href":"https:\/\/sertv.gob.pa\/nacionalfm\/wp-json\/wp\/v2\/posts\/89447\/revisions\/89449"}],"wp:featuredmedia":[{"embeddable":true,"href":"https:\/\/sertv.gob.pa\/nacionalfm\/wp-json\/wp\/v2\/media\/89448"}],"wp:attachment":[{"href":"https:\/\/sertv.gob.pa\/nacionalfm\/wp-json\/wp\/v2\/media?parent=89447"}],"wp:term":[{"taxonomy":"category","embeddable":true,"href":"https:\/\/sertv.gob.pa\/nacionalfm\/wp-json\/wp\/v2\/categories?post=89447"},{"taxonomy":"post_tag","embeddable":true,"href":"https:\/\/sertv.gob.pa\/nacionalfm\/wp-json\/wp\/v2\/tags?post=89447"}],"curies":[{"name":"wp","href":"https:\/\/api.w.org\/{rel}","templated":true}]}}