{"id":8949,"date":"2015-11-25T16:16:59","date_gmt":"2015-11-25T16:16:59","guid":{"rendered":""},"modified":"2015-11-25T16:16:59","modified_gmt":"2015-11-25T16:16:59","slug":"una-correcta-hidratacion-para-beneficio-de-nuestra-salud","status":"publish","type":"post","link":"https:\/\/sertv.gob.pa\/nacionalfm\/una-correcta-hidratacion-para-beneficio-de-nuestra-salud\/","title":{"rendered":"Una correcta hidrataci\u00f3n para beneficio de nuestra salud"},"content":{"rendered":"<p>\nA pesar de que las  personas  dependen del  agua  para sobrevivir, su adecuado  consumo  no ocupa un espacio prioritario en las agendas diarias, a consideraci\u00f3n de los expertos en la  salud . <\/p>\n<p>&ldquo;Una persona puede sobrevivir tres semanas sin comer, pero \u00fanicamente tres d\u00edas sin ingerir l\u00edquido&rdquo;, asegur\u00f3 la nutricionista Mayra Garc\u00eda. <\/p>\n<p>Los  requerimientos  m\u00ednimos de l\u00edquido para un adulto sano es de tres litros al d\u00eda para hombres y dos litros para mujeres, sugiere el Instituto de Medicina de Estados Unidos y Canad\u00e1. <\/p>\n<p>No obstante, dependiendo del clima estas cantidades pueden variar, expres\u00f3 Garc\u00eda. <\/p>\n<p>En este sentido, el m\u00e9dico general Rub\u00e9n Rodr\u00edguez aclara que hasta en los d\u00edas lluviosos hay que hidratarse. <\/p>\n<p>La forma adecuada de  hidratarse  es de forma progresiva durante el d\u00eda, advierte Rodr\u00edguez. Cuando una persona ingiere l\u00edquido poco a poco, el organismo lo asimila mejor y lo puede transportar a su ritmo por todo el cuerpo, mientras que si hace una sola ingesta se satura, explica. <\/p>\n<p>Todos los  procesos metab\u00f3licos  del  organismo  se realizan en presencia de agua, es decir que al descuidar este h\u00e1bito estar\u00e1 poniendo en riesgo la salud, recuerda. <\/p>\n<p>\u00a0&ldquo;El cuerpo es 60% agua y el resto m\u00fasculos. Con solo bajar un 2% el nivel de agua, entramos en riesgo de ocasionar un da\u00f1o al organismo&rdquo;, subray\u00f3 la especialista. <\/p>\n<p>Rodr\u00edguez indica que todas las bebidas  hidratan  el cuerpo, &ldquo;no solo hay que limitarse al agua&rdquo;. <\/p>\n<p>&ldquo;El 80% del consumo se obtiene de cualquier  bebida  y el 20% restante de  alimentos  como frutas y vegetales&rdquo;, resalta Rodr\u00edguez. <\/p>\n<p>Por estas razones, no deben esperar que la  sed  sea un indicador para consumir  agua , pues &ldquo;ya es un signo de deshidrataci\u00f3n&rdquo;, alerta. <\/p>\n<p>\u00a0 <\/p>\n","protected":false},"excerpt":{"rendered":"<p>A pesar de que las personas dependen del agua para <a href=\"https:\/\/sertv.gob.pa\/nacionalfm\/una-correcta-hidratacion-para-beneficio-de-nuestra-salud\/\"> [&#8230;]<\/a><\/p>\n","protected":false},"author":1,"featured_media":8950,"comment_status":"closed","ping_status":"closed","sticky":false,"template":"","format":"standard","meta":{"footnotes":""},"categories":[5],"tags":[],"class_list":["post-8949","post","type-post","status-publish","format-standard","has-post-thumbnail","hentry","category-salud"],"_links":{"self":[{"href":"https:\/\/sertv.gob.pa\/nacionalfm\/wp-json\/wp\/v2\/posts\/8949","targetHints":{"allow":["GET"]}}],"collection":[{"href":"https:\/\/sertv.gob.pa\/nacionalfm\/wp-json\/wp\/v2\/posts"}],"about":[{"href":"https:\/\/sertv.gob.pa\/nacionalfm\/wp-json\/wp\/v2\/types\/post"}],"author":[{"embeddable":true,"href":"https:\/\/sertv.gob.pa\/nacionalfm\/wp-json\/wp\/v2\/users\/1"}],"replies":[{"embeddable":true,"href":"https:\/\/sertv.gob.pa\/nacionalfm\/wp-json\/wp\/v2\/comments?post=8949"}],"version-history":[{"count":0,"href":"https:\/\/sertv.gob.pa\/nacionalfm\/wp-json\/wp\/v2\/posts\/8949\/revisions"}],"wp:featuredmedia":[{"embeddable":true,"href":"https:\/\/sertv.gob.pa\/nacionalfm\/wp-json\/wp\/v2\/media\/8950"}],"wp:attachment":[{"href":"https:\/\/sertv.gob.pa\/nacionalfm\/wp-json\/wp\/v2\/media?parent=8949"}],"wp:term":[{"taxonomy":"category","embeddable":true,"href":"https:\/\/sertv.gob.pa\/nacionalfm\/wp-json\/wp\/v2\/categories?post=8949"},{"taxonomy":"post_tag","embeddable":true,"href":"https:\/\/sertv.gob.pa\/nacionalfm\/wp-json\/wp\/v2\/tags?post=8949"}],"curies":[{"name":"wp","href":"https:\/\/api.w.org\/{rel}","templated":true}]}}