{"id":89497,"date":"2022-11-14T20:02:11","date_gmt":"2022-11-14T20:02:11","guid":{"rendered":"https:\/\/sertv.gob.pa\/nacionalfm\/?p=89497"},"modified":"2022-11-14T20:02:11","modified_gmt":"2022-11-14T20:02:11","slug":"el-papa-sobre-los-migrantes-cuantos-siguen-muriendo-mientras-se-discute-sobre-su-destino","status":"publish","type":"post","link":"https:\/\/sertv.gob.pa\/nacionalfm\/el-papa-sobre-los-migrantes-cuantos-siguen-muriendo-mientras-se-discute-sobre-su-destino\/","title":{"rendered":"El Papa sobre los migrantes: \u00ab\u00a1Cu\u00e1ntos siguen muriendo mientras se discute sobre su destino!\u00bb"},"content":{"rendered":"<p><strong><em>ROMA, (EUROPA PRESS) &#8211;<\/em><\/strong><\/p>\n<p>&nbsp;<\/p>\n<p>El Papa ha lamentado la muerte de personas migrantes mientras \u00abse discute sobre su destino\u00bb en un momento de gran tensi\u00f3n diplom\u00e1tica entre Italia y Francia desencadenado por el rechazo de Roma al desembarco del barco humanitario Ocean Viking, de la ONG SOS M\u00e9diterran\u00e9e, que ha derivado en la suspensi\u00f3n por parte del Gobierno galo del pacto europeo de redistribuci\u00f3n de inmigrantes.<\/p>\n<p>\u00abCu\u00e1ntos j\u00f3venes de hoy se ven obligados a abandonar su patria en busca de una existencia digna; cu\u00e1ntos hombres, mujeres y ni\u00f1os se enfrentan a viajes inhumanos y a violencia de todo tipo en busca de un ma\u00f1ana mejor; cu\u00e1ntos siguen muriendo en las rutas de la desesperaci\u00f3n, mientras se discute su destino o nos volvemos hacia el otro lado\u00bb, ha denunciado el Pont\u00edfice al recibir en audiencia a los miembros de la Federaci\u00f3n de Organizaciones Cristianas de Servicio Internacional y Organizaciones de Servicio Voluntario (FOCSIV) con motivo de su 50\u00ba aniversario.<\/p>\n<p>El Papa ha lamentado as\u00ed las \u00abmigraciones forzadas\u00bb de muchas personas que solo pueden huir para \u00abescapar de las guerras, del hambre, de la persecuci\u00f3n o del cambio clim\u00e1tico\u00bb. \u00abEl cambio clim\u00e1tico es uno de los grandes males de esta \u00e9poca, que s\u00f3lo podemos atajar de ra\u00edz garantizando el desarrollo real de cada pa\u00eds\u00bb, ha se\u00f1alado.<\/p>\n<p>Seg\u00fan datos del Ministerio Interior de Italia, este a\u00f1o han llegado m\u00e1s de 88.000 personas a las costas italianas. Seg\u00fan la Organizaci\u00f3n Internacional para las Migraciones (OIM), desde el a\u00f1o 2014, m\u00e1s de 25.000 migrantes han perecido en el Mar Mediterr\u00e1neo, entre ellos casi 20.200 en la zona central, la que conecta con Italia.<\/p>\n<p>&nbsp;<\/p>\n<p>Fuente: EUROPA PRESS<\/p>\n<p>&nbsp;<\/p>\n<p>&nbsp;<\/p>\n<p>&nbsp;<\/p>\n","protected":false},"excerpt":{"rendered":"<p>ROMA, (EUROPA PRESS) &#8211; &nbsp; El Papa ha lamentado la <a href=\"https:\/\/sertv.gob.pa\/nacionalfm\/el-papa-sobre-los-migrantes-cuantos-siguen-muriendo-mientras-se-discute-sobre-su-destino\/\"> [&#8230;]<\/a><\/p>\n","protected":false},"author":9,"featured_media":89498,"comment_status":"closed","ping_status":"closed","sticky":false,"template":"","format":"standard","meta":{"footnotes":""},"categories":[3],"tags":[],"class_list":["post-89497","post","type-post","status-publish","format-standard","has-post-thumbnail","hentry","category-internacionales"],"_links":{"self":[{"href":"https:\/\/sertv.gob.pa\/nacionalfm\/wp-json\/wp\/v2\/posts\/89497","targetHints":{"allow":["GET"]}}],"collection":[{"href":"https:\/\/sertv.gob.pa\/nacionalfm\/wp-json\/wp\/v2\/posts"}],"about":[{"href":"https:\/\/sertv.gob.pa\/nacionalfm\/wp-json\/wp\/v2\/types\/post"}],"author":[{"embeddable":true,"href":"https:\/\/sertv.gob.pa\/nacionalfm\/wp-json\/wp\/v2\/users\/9"}],"replies":[{"embeddable":true,"href":"https:\/\/sertv.gob.pa\/nacionalfm\/wp-json\/wp\/v2\/comments?post=89497"}],"version-history":[{"count":1,"href":"https:\/\/sertv.gob.pa\/nacionalfm\/wp-json\/wp\/v2\/posts\/89497\/revisions"}],"predecessor-version":[{"id":89499,"href":"https:\/\/sertv.gob.pa\/nacionalfm\/wp-json\/wp\/v2\/posts\/89497\/revisions\/89499"}],"wp:featuredmedia":[{"embeddable":true,"href":"https:\/\/sertv.gob.pa\/nacionalfm\/wp-json\/wp\/v2\/media\/89498"}],"wp:attachment":[{"href":"https:\/\/sertv.gob.pa\/nacionalfm\/wp-json\/wp\/v2\/media?parent=89497"}],"wp:term":[{"taxonomy":"category","embeddable":true,"href":"https:\/\/sertv.gob.pa\/nacionalfm\/wp-json\/wp\/v2\/categories?post=89497"},{"taxonomy":"post_tag","embeddable":true,"href":"https:\/\/sertv.gob.pa\/nacionalfm\/wp-json\/wp\/v2\/tags?post=89497"}],"curies":[{"name":"wp","href":"https:\/\/api.w.org\/{rel}","templated":true}]}}