{"id":89500,"date":"2022-11-14T20:23:00","date_gmt":"2022-11-14T20:23:00","guid":{"rendered":"https:\/\/sertv.gob.pa\/nacionalfm\/?p=89500"},"modified":"2022-11-14T20:23:00","modified_gmt":"2022-11-14T20:23:00","slug":"al-menos-tres-muertos-y-otros-dos-heridos-en-un-tiroteo-en-la-universidad-de-virginia-en-eeuu","status":"publish","type":"post","link":"https:\/\/sertv.gob.pa\/nacionalfm\/al-menos-tres-muertos-y-otros-dos-heridos-en-un-tiroteo-en-la-universidad-de-virginia-en-eeuu\/","title":{"rendered":"Al menos tres muertos y otros dos heridos en un tiroteo en la Universidad de Virginia, en EEUU"},"content":{"rendered":"<p>El principal sospechoso podr\u00eda enfrentarse a cargos por homicidio en segundo grado y por el uso de arma de fuego en un delito grave<\/p>\n<p>La Casa Blanca condena lo ocurrido y llama a la clase pol\u00edtica a tomar medidas para \u00absacar las armas de guerra de las calles\u00bb<\/p>\n<p><strong><em>MADRID, (EUROPA PRESS) &#8211;<\/em><\/strong><\/p>\n<p>Al menos tres personas han fallecido y otras dos han resultado heridas despu\u00e9s de que un estudiante armado abriese fuego en la Universidad de Virginia (UVA), ubicada en la ciudad estadounidense de Charlottesville.<\/p>\n<p>De acuerdo con el Departamento de Polic\u00eda de la Universidad, el principal sospechoso responde al nombre de Christopher Darnell Jones, un joven de 22 a\u00f1os, estudiante del centro y quien, tras varias horas de b\u00fasqueda, ha ca\u00eddo finalmente en manos de las autoridades.<\/p>\n<p>Una fuente policial consultada por la cadena CNN ha detallado que Jones ha sido detenido sin incidentes mientras conduc\u00eda su veh\u00edculo en el condado de Henrico, a unos 120 kil\u00f3metros del escenario del suceso.<\/p>\n<p>De acuerdo con el jefe de Polic\u00eda de Universidad de Virginia, Tim Longo, Jones podr\u00eda enfrentarse a tres cargos por asesinato en segundo grado, y otros tres por uso de arma de fuego en la comisi\u00f3n de un delito grave.<\/p>\n<p>Longo ha a\u00f1adido Jones ya hab\u00eda sido investigado por empleados del campus universitario despu\u00e9s de que el pasado mes de septiembre hiciera comentarios sobre que pose\u00eda un arma de fuego. Aquella denuncia fue presentada por una persona ajena a la Universidad y que no vio en primera persona la supuesta arma.<\/p>\n<p>Asimismo, la Oficina de Asuntos Estudiantiles analiz\u00f3 el caso y determin\u00f3 que aquellas declaraciones de Jones no se hicieron con un tono amenazante. Adem\u00e1s el compa\u00f1ero de habitaci\u00f3n del principal sospechoso de este tiroteo no denunci\u00f3 en ning\u00fan momento haber visto ning\u00fan arma.<\/p>\n<p>El rector de la Universidad, Jim Ryan, ha se\u00f1alado que Jones abri\u00f3 fuego contra en el aparcamiento del campus universitario contra un autob\u00fas que tra\u00eda a los estudiantes de vuelta tras una excursi\u00f3n de car\u00e1cter cultural.<\/p>\n<p>Seg\u00fan Ryan, los tres fallecidos son jugadores del equipo de f\u00fatbol americano de la Universidad, conjunto al que tambi\u00e9n estaba vinculado Jones al menos hasta 2018, de acuerdo con la secci\u00f3n deportiva de la p\u00e1gina web de la Universidad.<\/p>\n<p>\u00abEstoy devastado porque este tipo de violencia haya visitado la Universidad de Virginia. Este es un incidente dram\u00e1tico para todos en nuestra comunidad, y hemos cancelado las clases de este lunes\u00bb, ha trasladado Ryan.<\/p>\n<p>Por su parte, el gobernador de Virginia, Glenn Youngkin, ha lanzado en sus redes sociales un mensaje de repulsa a lo ocurrido y ha confirmado que la Polic\u00eda estatal se ha coordinado en todo momento con las autoridades universitarias y locales.<\/p>\n<p>En la misma l\u00ednea, la portavoz de la Casa Blanca Karine Jean-Pierre ha informado de que tanto el presidente, Joe Biden, como su mujer Jill est\u00e1n \u00abde luto\u00bb por lo ocurrido en la Universidad de Virginia, y ha trasladado su p\u00e9same a las familias de las v\u00edctimas.<\/p>\n<p>\u00abDemasiadas familias en todo Estados Unidos est\u00e1n soportando la terrible carga de la violencia armada (&#8230;). Necesitamos promulgar una prohibici\u00f3n de armas de asalto para sacar las armas de guerra de las calles de Estados Unidos\u00bb, ha a\u00f1adido Jean-Pierre en un comunicado.<\/p>\n<p>&nbsp;<\/p>\n<p>Fuente: EUROPA PRESS<\/p>\n<p>&nbsp;<\/p>\n<p>&nbsp;<\/p>\n<p>&nbsp;<\/p>\n","protected":false},"excerpt":{"rendered":"<p>El principal sospechoso podr\u00eda enfrentarse a cargos por homicidio en <a href=\"https:\/\/sertv.gob.pa\/nacionalfm\/al-menos-tres-muertos-y-otros-dos-heridos-en-un-tiroteo-en-la-universidad-de-virginia-en-eeuu\/\"> [&#8230;]<\/a><\/p>\n","protected":false},"author":9,"featured_media":89501,"comment_status":"closed","ping_status":"closed","sticky":false,"template":"","format":"standard","meta":{"footnotes":""},"categories":[3],"tags":[],"class_list":["post-89500","post","type-post","status-publish","format-standard","has-post-thumbnail","hentry","category-internacionales"],"_links":{"self":[{"href":"https:\/\/sertv.gob.pa\/nacionalfm\/wp-json\/wp\/v2\/posts\/89500","targetHints":{"allow":["GET"]}}],"collection":[{"href":"https:\/\/sertv.gob.pa\/nacionalfm\/wp-json\/wp\/v2\/posts"}],"about":[{"href":"https:\/\/sertv.gob.pa\/nacionalfm\/wp-json\/wp\/v2\/types\/post"}],"author":[{"embeddable":true,"href":"https:\/\/sertv.gob.pa\/nacionalfm\/wp-json\/wp\/v2\/users\/9"}],"replies":[{"embeddable":true,"href":"https:\/\/sertv.gob.pa\/nacionalfm\/wp-json\/wp\/v2\/comments?post=89500"}],"version-history":[{"count":1,"href":"https:\/\/sertv.gob.pa\/nacionalfm\/wp-json\/wp\/v2\/posts\/89500\/revisions"}],"predecessor-version":[{"id":89502,"href":"https:\/\/sertv.gob.pa\/nacionalfm\/wp-json\/wp\/v2\/posts\/89500\/revisions\/89502"}],"wp:featuredmedia":[{"embeddable":true,"href":"https:\/\/sertv.gob.pa\/nacionalfm\/wp-json\/wp\/v2\/media\/89501"}],"wp:attachment":[{"href":"https:\/\/sertv.gob.pa\/nacionalfm\/wp-json\/wp\/v2\/media?parent=89500"}],"wp:term":[{"taxonomy":"category","embeddable":true,"href":"https:\/\/sertv.gob.pa\/nacionalfm\/wp-json\/wp\/v2\/categories?post=89500"},{"taxonomy":"post_tag","embeddable":true,"href":"https:\/\/sertv.gob.pa\/nacionalfm\/wp-json\/wp\/v2\/tags?post=89500"}],"curies":[{"name":"wp","href":"https:\/\/api.w.org\/{rel}","templated":true}]}}