{"id":8957,"date":"2015-11-25T18:51:56","date_gmt":"2015-11-25T18:51:56","guid":{"rendered":""},"modified":"2015-11-25T18:51:56","modified_gmt":"2015-11-25T18:51:56","slug":"la-vitamina-c-evita-que-se-multipliquen-celulas-tumorales","status":"publish","type":"post","link":"https:\/\/sertv.gob.pa\/nacionalfm\/la-vitamina-c-evita-que-se-multipliquen-celulas-tumorales\/","title":{"rendered":"La vitamina C evita que se multipliquen c\u00e9lulas tumorales"},"content":{"rendered":"<p>\nInvestigadores de la Universidad de Cornell (EE.UU.) afirman haber hallado las causas por las que la vitamina C incide para evitar que se multipliquen las c\u00e9lulas tumorales en algunos tipos de c\u00e1ncer. <\/p>\n<p>El trabajo del Colegio de Medicina, de dicha facultad, indica que las c\u00e9lulas con mutaciones de c\u00e1ncer colorectal del tipo KRAS, son captadas por la vitamina C, que inhibe su desarrollo. Las pruebas en laboratorio mostraron que un receptor de las c\u00e9lulas mutantes, absorbe la vitamina C oxidada, la que en cantidades masivas, evita la multiplicaci\u00f3n. Sin embargo falta a\u00fan prueba suficiente de la selectividad con que la vitamina act\u00faa en el fen\u00f3meno oncol\u00f3gico.<br \/>\n\u00a0 <\/p>\n<p>El Instituto Nacional del C\u00e1ncer de Estados Unidos (INC) hab\u00eda adelantado que acorde a estudios de larga data (d\u00e9cada de 1970) replanteados recientemente se podr\u00eda concluir en principio que &ldquo;el efecto de la vitamina C contra el c\u00e1ncer en diferentes tipos de c\u00e9lulas cancerosas implica una reacci\u00f3n qu\u00edmica en la que se produce per\u00f3xido de hidr\u00f3geno, que puede destruir esas c\u00e9lulas&rdquo;. <\/p>\n<p>En las conclusiones p\u00fablicas afirma que &ldquo;el tratamiento con dosis altas de vitamina C demor\u00f3 el crecimiento y la diseminaci\u00f3n de c\u00e9lulas de c\u00e1ncer de pr\u00f3stata, p\u00e1ncreas, h\u00edgado, colon y neuroblastoma&rdquo;, en principio. <\/p>\n<p>Reconoce asimismo que &ldquo;la combinaci\u00f3n de dosis altas de vitamina C con ciertos tipos de quimioterapia puede ser m\u00e1s eficaz que la quimioterapia sola (&hellip;) la combinaci\u00f3n de dosis altas de vitamina C con radioterapia destruye m\u00e1s c\u00e9lulas de glioblastoma multiforme que la radioterapia sola&rdquo;. <\/p>\n<p>El INC advierte, no obstante, que los estudios con dosis altas de vitamina C se han hecho con animales de laboratorio &ldquo;que recibieron una enfermedad que es igual o que se parece a la enfermedad en los seres humanos&rdquo;. Apunta adem\u00e1s que os estudios con vitamina C mostraron que en altas dosis puede interferir &ldquo;con la acci\u00f3n anticancerosa de ciertos medicamentos&rdquo;. <\/p>\n","protected":false},"excerpt":{"rendered":"<p>Investigadores de la Universidad de Cornell (EE.UU.) afirman haber hallado <a href=\"https:\/\/sertv.gob.pa\/nacionalfm\/la-vitamina-c-evita-que-se-multipliquen-celulas-tumorales\/\"> [&#8230;]<\/a><\/p>\n","protected":false},"author":1,"featured_media":8958,"comment_status":"closed","ping_status":"closed","sticky":false,"template":"","format":"standard","meta":{"footnotes":""},"categories":[5],"tags":[],"class_list":["post-8957","post","type-post","status-publish","format-standard","has-post-thumbnail","hentry","category-salud"],"_links":{"self":[{"href":"https:\/\/sertv.gob.pa\/nacionalfm\/wp-json\/wp\/v2\/posts\/8957","targetHints":{"allow":["GET"]}}],"collection":[{"href":"https:\/\/sertv.gob.pa\/nacionalfm\/wp-json\/wp\/v2\/posts"}],"about":[{"href":"https:\/\/sertv.gob.pa\/nacionalfm\/wp-json\/wp\/v2\/types\/post"}],"author":[{"embeddable":true,"href":"https:\/\/sertv.gob.pa\/nacionalfm\/wp-json\/wp\/v2\/users\/1"}],"replies":[{"embeddable":true,"href":"https:\/\/sertv.gob.pa\/nacionalfm\/wp-json\/wp\/v2\/comments?post=8957"}],"version-history":[{"count":0,"href":"https:\/\/sertv.gob.pa\/nacionalfm\/wp-json\/wp\/v2\/posts\/8957\/revisions"}],"wp:featuredmedia":[{"embeddable":true,"href":"https:\/\/sertv.gob.pa\/nacionalfm\/wp-json\/wp\/v2\/media\/8958"}],"wp:attachment":[{"href":"https:\/\/sertv.gob.pa\/nacionalfm\/wp-json\/wp\/v2\/media?parent=8957"}],"wp:term":[{"taxonomy":"category","embeddable":true,"href":"https:\/\/sertv.gob.pa\/nacionalfm\/wp-json\/wp\/v2\/categories?post=8957"},{"taxonomy":"post_tag","embeddable":true,"href":"https:\/\/sertv.gob.pa\/nacionalfm\/wp-json\/wp\/v2\/tags?post=8957"}],"curies":[{"name":"wp","href":"https:\/\/api.w.org\/{rel}","templated":true}]}}