{"id":89711,"date":"2023-01-30T19:35:27","date_gmt":"2023-01-30T19:35:27","guid":{"rendered":"https:\/\/sertv.gob.pa\/nacionalfm\/?p=89711"},"modified":"2023-01-30T19:35:27","modified_gmt":"2023-01-30T19:35:27","slug":"un-sexto-policia-es-suspendido-por-la-paliza-mortal-a-un-joven-negro-en-ee-uu","status":"publish","type":"post","link":"https:\/\/sertv.gob.pa\/nacionalfm\/un-sexto-policia-es-suspendido-por-la-paliza-mortal-a-un-joven-negro-en-ee-uu\/","title":{"rendered":"Un sexto polic\u00eda es suspendido por la paliza mortal a un joven negro en EE.UU."},"content":{"rendered":"<p><strong><em>Washington (EFE).-<\/em><\/strong> La Polic\u00eda de Memphis (Tennessee) anunci\u00f3 este lunes que suspendi\u00f3 a un sexto agente en el marco de la investigaci\u00f3n abierta por la paliza mortal al joven negro Tyre Nichols durante su arresto por una supuesta infracci\u00f3n de tr\u00e1fico.<\/p>\n<p>A Preston Hemphill, contratado en 2018, lo suspendieron cuando comenzaron las pesquisas, pero su nombre no se hab\u00eda facilitado hasta ahora.<\/p>\n<p>Su abogado, Lee Gerald, indic\u00f3 en un comunicado difundido a la prensa que su cliente estuvo presente cuando los agentes interpelaron en un primer momento al joven, pero no en el segundo lugar de los hechos, cuando Nichols fue alcanzado y golpeado por cinco polic\u00edas tras haber escapado corriendo de su primer encuentro con los agentes.<\/p>\n<p>\u00abEst\u00e1 cooperando en esta investigaci\u00f3n\u00bb, a\u00f1adi\u00f3 el letrado en su nota.<\/p>\n<p>Los otros cinco agentes -todos ellos negros, a diferencia de Hemphill, de raza blanca-, est\u00e1n detenidos y se enfrentan a varios cargos penales por la muerte de Nichols, al que arrestaron el 7 de enero en Memphis.<\/p>\n<p>&nbsp;<\/p>\n<p>Fuente: EFE<\/p>\n<p>&nbsp;<\/p>\n<p>&nbsp;<\/p>\n","protected":false},"excerpt":{"rendered":"<p>Washington (EFE).- La Polic\u00eda de Memphis (Tennessee) anunci\u00f3 este lunes <a href=\"https:\/\/sertv.gob.pa\/nacionalfm\/un-sexto-policia-es-suspendido-por-la-paliza-mortal-a-un-joven-negro-en-ee-uu\/\"> [&#8230;]<\/a><\/p>\n","protected":false},"author":9,"featured_media":89712,"comment_status":"closed","ping_status":"closed","sticky":false,"template":"","format":"standard","meta":{"footnotes":""},"categories":[3],"tags":[],"class_list":["post-89711","post","type-post","status-publish","format-standard","has-post-thumbnail","hentry","category-internacionales"],"_links":{"self":[{"href":"https:\/\/sertv.gob.pa\/nacionalfm\/wp-json\/wp\/v2\/posts\/89711","targetHints":{"allow":["GET"]}}],"collection":[{"href":"https:\/\/sertv.gob.pa\/nacionalfm\/wp-json\/wp\/v2\/posts"}],"about":[{"href":"https:\/\/sertv.gob.pa\/nacionalfm\/wp-json\/wp\/v2\/types\/post"}],"author":[{"embeddable":true,"href":"https:\/\/sertv.gob.pa\/nacionalfm\/wp-json\/wp\/v2\/users\/9"}],"replies":[{"embeddable":true,"href":"https:\/\/sertv.gob.pa\/nacionalfm\/wp-json\/wp\/v2\/comments?post=89711"}],"version-history":[{"count":1,"href":"https:\/\/sertv.gob.pa\/nacionalfm\/wp-json\/wp\/v2\/posts\/89711\/revisions"}],"predecessor-version":[{"id":89714,"href":"https:\/\/sertv.gob.pa\/nacionalfm\/wp-json\/wp\/v2\/posts\/89711\/revisions\/89714"}],"wp:featuredmedia":[{"embeddable":true,"href":"https:\/\/sertv.gob.pa\/nacionalfm\/wp-json\/wp\/v2\/media\/89712"}],"wp:attachment":[{"href":"https:\/\/sertv.gob.pa\/nacionalfm\/wp-json\/wp\/v2\/media?parent=89711"}],"wp:term":[{"taxonomy":"category","embeddable":true,"href":"https:\/\/sertv.gob.pa\/nacionalfm\/wp-json\/wp\/v2\/categories?post=89711"},{"taxonomy":"post_tag","embeddable":true,"href":"https:\/\/sertv.gob.pa\/nacionalfm\/wp-json\/wp\/v2\/tags?post=89711"}],"curies":[{"name":"wp","href":"https:\/\/api.w.org\/{rel}","templated":true}]}}