{"id":89755,"date":"2023-07-26T15:35:52","date_gmt":"2023-07-26T15:35:52","guid":{"rendered":"https:\/\/sertv.gob.pa\/nacionalfm\/?p=89755"},"modified":"2023-07-26T15:35:52","modified_gmt":"2023-07-26T15:35:52","slug":"colaboradores-de-aduanas-culminaron-curso-de-examen-de-contenedores","status":"publish","type":"post","link":"https:\/\/sertv.gob.pa\/nacionalfm\/colaboradores-de-aduanas-culminaron-curso-de-examen-de-contenedores\/","title":{"rendered":"Colaboradores de aduanas culminaron curso de \u201cExamen de Contenedores\u201d"},"content":{"rendered":"<p>Con el respaldo de la Agencia de Servicios Fronterizos de Canad\u00e1, colaboradores de la Autoridad Nacional de Aduanas de Panam\u00e1, culminaron recientemente, \u00a0el curso de formaci\u00f3n de Examen de Contenedores, en el que se hizo \u00e9nfasis en los requerimientos para realizar una inspecci\u00f3n segura, eficaz y eficiente de la carga.<\/p>\n<p>El grupo de entrenadores de la Agencia de Servicios Fronterizos de Canad\u00e1, se sintieron complacidos por el trabajo realizado con los funcionarios\u00a0 aduaneros de la Direcci\u00f3n de Prevenci\u00f3n y Fiscalizaci\u00f3n Aduanera, de la Oficina de An\u00e1lisis de Riesgo y de la Unidad de Inspecci\u00f3n T\u00e9cnica de Contenedores.<\/p>\n<p>La Subdirectora T\u00e9cnica de la ANA, Sheila Hern\u00e1ndez, agradeci\u00f3 a nombre de la entidad este gran aporte de la embajada de Canad\u00e1, que fortalece el trabajo que realizan nuestros inspectores. En tanto la funcionaria Zaira Walter, de UNITEC, a nombre de los compa\u00f1eros del curso, se\u00f1al\u00f3 el inter\u00e9s de que contin\u00faen este tipo de capacitaciones.<\/p>\n","protected":false},"excerpt":{"rendered":"<p>Con el respaldo de la Agencia de Servicios Fronterizos de <a href=\"https:\/\/sertv.gob.pa\/nacionalfm\/colaboradores-de-aduanas-culminaron-curso-de-examen-de-contenedores\/\"> [&#8230;]<\/a><\/p>\n","protected":false},"author":9,"featured_media":89756,"comment_status":"closed","ping_status":"closed","sticky":false,"template":"","format":"standard","meta":{"footnotes":""},"categories":[2],"tags":[],"class_list":["post-89755","post","type-post","status-publish","format-standard","has-post-thumbnail","hentry","category-nacionales"],"_links":{"self":[{"href":"https:\/\/sertv.gob.pa\/nacionalfm\/wp-json\/wp\/v2\/posts\/89755","targetHints":{"allow":["GET"]}}],"collection":[{"href":"https:\/\/sertv.gob.pa\/nacionalfm\/wp-json\/wp\/v2\/posts"}],"about":[{"href":"https:\/\/sertv.gob.pa\/nacionalfm\/wp-json\/wp\/v2\/types\/post"}],"author":[{"embeddable":true,"href":"https:\/\/sertv.gob.pa\/nacionalfm\/wp-json\/wp\/v2\/users\/9"}],"replies":[{"embeddable":true,"href":"https:\/\/sertv.gob.pa\/nacionalfm\/wp-json\/wp\/v2\/comments?post=89755"}],"version-history":[{"count":1,"href":"https:\/\/sertv.gob.pa\/nacionalfm\/wp-json\/wp\/v2\/posts\/89755\/revisions"}],"predecessor-version":[{"id":89757,"href":"https:\/\/sertv.gob.pa\/nacionalfm\/wp-json\/wp\/v2\/posts\/89755\/revisions\/89757"}],"wp:featuredmedia":[{"embeddable":true,"href":"https:\/\/sertv.gob.pa\/nacionalfm\/wp-json\/wp\/v2\/media\/89756"}],"wp:attachment":[{"href":"https:\/\/sertv.gob.pa\/nacionalfm\/wp-json\/wp\/v2\/media?parent=89755"}],"wp:term":[{"taxonomy":"category","embeddable":true,"href":"https:\/\/sertv.gob.pa\/nacionalfm\/wp-json\/wp\/v2\/categories?post=89755"},{"taxonomy":"post_tag","embeddable":true,"href":"https:\/\/sertv.gob.pa\/nacionalfm\/wp-json\/wp\/v2\/tags?post=89755"}],"curies":[{"name":"wp","href":"https:\/\/api.w.org\/{rel}","templated":true}]}}