{"id":89761,"date":"2023-07-26T16:23:05","date_gmt":"2023-07-26T16:23:05","guid":{"rendered":"https:\/\/sertv.gob.pa\/nacionalfm\/?p=89761"},"modified":"2023-07-26T16:23:05","modified_gmt":"2023-07-26T16:23:05","slug":"decenas-de-incendios-devoran-el-sur-de-europa","status":"publish","type":"post","link":"https:\/\/sertv.gob.pa\/nacionalfm\/decenas-de-incendios-devoran-el-sur-de-europa\/","title":{"rendered":"Decenas de incendios devoran el sur de Europa"},"content":{"rendered":"<p>Roma\/Lisboa\/Atenas (EFE).- Los pa\u00edses ribere\u00f1os del Mediterr\u00e1neo, sobre todo Italia, Grecia y Argelia, contin\u00faan asolados por numerosos incendios fuera de control, que han causado ya una decena de muertos, poblaciones evacuadas y miles de hect\u00e1reas calcinadas.<\/p>\n<p>El Gobierno italiano declarar\u00e1 hoy el estado de emergencia en cinco regiones afectadas por fen\u00f3menos meteorol\u00f3gicos extremos, como los incendios.<\/p>\n<p>La situaci\u00f3n es especialmente grave en Sicilia. Las llamas se han ido extendiendo por la isla durante toda la noche y cerca 2.000 personas tuvieron que ser evacuadas, la mayor parte en las zonas monta\u00f1osas que rodean Palermo.<\/p>\n<p>Este martes fueron encontrados carbonizados dos hombres de unos setenta a\u00f1os en una casa devorada por las llamas cerca del aeropuerto Falcone Borsellino. Una mujer de 88 a\u00f1os muri\u00f3 en San Martino delle Scale, en la provincia de Palermo, porque el fuego impidi\u00f3 que la ambulancia la rescatara y dos guardabosques est\u00e1n hospitalizados con graves quemaduras.<\/p>\n","protected":false},"excerpt":{"rendered":"<p>Roma\/Lisboa\/Atenas (EFE).- Los pa\u00edses ribere\u00f1os del Mediterr\u00e1neo, sobre todo Italia, <a href=\"https:\/\/sertv.gob.pa\/nacionalfm\/decenas-de-incendios-devoran-el-sur-de-europa\/\"> [&#8230;]<\/a><\/p>\n","protected":false},"author":9,"featured_media":89762,"comment_status":"closed","ping_status":"closed","sticky":false,"template":"","format":"standard","meta":{"footnotes":""},"categories":[3],"tags":[],"class_list":["post-89761","post","type-post","status-publish","format-standard","has-post-thumbnail","hentry","category-internacionales"],"_links":{"self":[{"href":"https:\/\/sertv.gob.pa\/nacionalfm\/wp-json\/wp\/v2\/posts\/89761","targetHints":{"allow":["GET"]}}],"collection":[{"href":"https:\/\/sertv.gob.pa\/nacionalfm\/wp-json\/wp\/v2\/posts"}],"about":[{"href":"https:\/\/sertv.gob.pa\/nacionalfm\/wp-json\/wp\/v2\/types\/post"}],"author":[{"embeddable":true,"href":"https:\/\/sertv.gob.pa\/nacionalfm\/wp-json\/wp\/v2\/users\/9"}],"replies":[{"embeddable":true,"href":"https:\/\/sertv.gob.pa\/nacionalfm\/wp-json\/wp\/v2\/comments?post=89761"}],"version-history":[{"count":1,"href":"https:\/\/sertv.gob.pa\/nacionalfm\/wp-json\/wp\/v2\/posts\/89761\/revisions"}],"predecessor-version":[{"id":89765,"href":"https:\/\/sertv.gob.pa\/nacionalfm\/wp-json\/wp\/v2\/posts\/89761\/revisions\/89765"}],"wp:featuredmedia":[{"embeddable":true,"href":"https:\/\/sertv.gob.pa\/nacionalfm\/wp-json\/wp\/v2\/media\/89762"}],"wp:attachment":[{"href":"https:\/\/sertv.gob.pa\/nacionalfm\/wp-json\/wp\/v2\/media?parent=89761"}],"wp:term":[{"taxonomy":"category","embeddable":true,"href":"https:\/\/sertv.gob.pa\/nacionalfm\/wp-json\/wp\/v2\/categories?post=89761"},{"taxonomy":"post_tag","embeddable":true,"href":"https:\/\/sertv.gob.pa\/nacionalfm\/wp-json\/wp\/v2\/tags?post=89761"}],"curies":[{"name":"wp","href":"https:\/\/api.w.org\/{rel}","templated":true}]}}