{"id":89805,"date":"2023-07-27T17:30:24","date_gmt":"2023-07-27T17:30:24","guid":{"rendered":"https:\/\/sertv.gob.pa\/nacionalfm\/?p=89805"},"modified":"2023-07-27T17:30:24","modified_gmt":"2023-07-27T17:30:24","slug":"rusia-vuelve-a-atacar-odesa-mientras-zelenski-habla-de-buenos-resultados-en-su-contraofensiva","status":"publish","type":"post","link":"https:\/\/sertv.gob.pa\/nacionalfm\/rusia-vuelve-a-atacar-odesa-mientras-zelenski-habla-de-buenos-resultados-en-su-contraofensiva\/","title":{"rendered":"Rusia vuelve a atacar Odesa mientras Zelenski habla de \u201cbuenos resultados\u201d en su contraofensiva"},"content":{"rendered":"<p>Kiev (EFE).- Rusia volvi\u00f3 a atacar anoche con misiles de crucero Kalibr una infraestructura portuaria de la regi\u00f3n de Odesa, en el sur de Ucrania, donde un guardia de seguridad muri\u00f3 como consecuencia del bombardeo.<\/p>\n<p>\u201cComo consecuencia del ataque ha muerto un guardia de seguridad, un civil, nacido en 1979\u201d, inform\u00f3 la Administraci\u00f3n Militar de la zona en un comunicado.<\/p>\n<p>Seg\u00fan el responsable en la regi\u00f3n, los misiles rusos han provocado da\u00f1os en el equipamiento t\u00e9cnico de una de las terminales de carga, en una construcci\u00f3n dedicada a la seguridad de la infraestructura y en dos autom\u00f3viles.<\/p>\n<p>&nbsp;<\/p>\n","protected":false},"excerpt":{"rendered":"<p>Kiev (EFE).- Rusia volvi\u00f3 a atacar anoche con misiles de <a href=\"https:\/\/sertv.gob.pa\/nacionalfm\/rusia-vuelve-a-atacar-odesa-mientras-zelenski-habla-de-buenos-resultados-en-su-contraofensiva\/\"> [&#8230;]<\/a><\/p>\n","protected":false},"author":9,"featured_media":89806,"comment_status":"closed","ping_status":"closed","sticky":false,"template":"","format":"standard","meta":{"footnotes":""},"categories":[3],"tags":[],"class_list":["post-89805","post","type-post","status-publish","format-standard","has-post-thumbnail","hentry","category-internacionales"],"_links":{"self":[{"href":"https:\/\/sertv.gob.pa\/nacionalfm\/wp-json\/wp\/v2\/posts\/89805","targetHints":{"allow":["GET"]}}],"collection":[{"href":"https:\/\/sertv.gob.pa\/nacionalfm\/wp-json\/wp\/v2\/posts"}],"about":[{"href":"https:\/\/sertv.gob.pa\/nacionalfm\/wp-json\/wp\/v2\/types\/post"}],"author":[{"embeddable":true,"href":"https:\/\/sertv.gob.pa\/nacionalfm\/wp-json\/wp\/v2\/users\/9"}],"replies":[{"embeddable":true,"href":"https:\/\/sertv.gob.pa\/nacionalfm\/wp-json\/wp\/v2\/comments?post=89805"}],"version-history":[{"count":1,"href":"https:\/\/sertv.gob.pa\/nacionalfm\/wp-json\/wp\/v2\/posts\/89805\/revisions"}],"predecessor-version":[{"id":89809,"href":"https:\/\/sertv.gob.pa\/nacionalfm\/wp-json\/wp\/v2\/posts\/89805\/revisions\/89809"}],"wp:featuredmedia":[{"embeddable":true,"href":"https:\/\/sertv.gob.pa\/nacionalfm\/wp-json\/wp\/v2\/media\/89806"}],"wp:attachment":[{"href":"https:\/\/sertv.gob.pa\/nacionalfm\/wp-json\/wp\/v2\/media?parent=89805"}],"wp:term":[{"taxonomy":"category","embeddable":true,"href":"https:\/\/sertv.gob.pa\/nacionalfm\/wp-json\/wp\/v2\/categories?post=89805"},{"taxonomy":"post_tag","embeddable":true,"href":"https:\/\/sertv.gob.pa\/nacionalfm\/wp-json\/wp\/v2\/tags?post=89805"}],"curies":[{"name":"wp","href":"https:\/\/api.w.org\/{rel}","templated":true}]}}