{"id":89810,"date":"2023-07-27T17:45:07","date_gmt":"2023-07-27T17:45:07","guid":{"rendered":"https:\/\/sertv.gob.pa\/nacionalfm\/?p=89810"},"modified":"2023-07-27T17:45:07","modified_gmt":"2023-07-27T17:45:07","slug":"julio-ha-sido-el-mes-mas-caluroso-en-el-planeta-desde-que-se-tiene-registro","status":"publish","type":"post","link":"https:\/\/sertv.gob.pa\/nacionalfm\/julio-ha-sido-el-mes-mas-caluroso-en-el-planeta-desde-que-se-tiene-registro\/","title":{"rendered":"Julio ha sido el mes m\u00e1s caluroso en el planeta desde que se tiene registro"},"content":{"rendered":"<p>Ginebra\/Nueva York (EFE).- Este julio ha sido el mes m\u00e1s caluroso a nivel global desde que se tienen registros, con una temperatura promedio de 16,95 grados celsius, advirti\u00f3 hoy la Organizaci\u00f3n Meteorol\u00f3gica Mundial (<a href=\"https:\/\/public.wmo.int\/es\" target=\"_blank\" rel=\"noopener\"><strong>OMM<\/strong><\/a>) tras recibir los datos provisionales del Servicio de Cambio Clim\u00e1tico Cop\u00e9rnico de la Uni\u00f3n Europea.<\/p>\n<p>El 6 de julio fue adem\u00e1s el d\u00eda m\u00e1s caluroso nunca antes registrado, con una temperatura media de 17,08 grados, pero no s\u00f3lo esa jornada, sino todas las transcurridas entre el 3 y el 23 de julio, batieron el r\u00e9cord anterior, que era de 16,8 grados, medido el 13 de agosto de 2016.<\/p>\n<p>&nbsp;<\/p>\n<p>&nbsp;<\/p>\n","protected":false},"excerpt":{"rendered":"<p>Ginebra\/Nueva York (EFE).- Este julio ha sido el mes m\u00e1s <a href=\"https:\/\/sertv.gob.pa\/nacionalfm\/julio-ha-sido-el-mes-mas-caluroso-en-el-planeta-desde-que-se-tiene-registro\/\"> [&#8230;]<\/a><\/p>\n","protected":false},"author":9,"featured_media":89811,"comment_status":"closed","ping_status":"closed","sticky":false,"template":"","format":"standard","meta":{"footnotes":""},"categories":[3],"tags":[],"class_list":["post-89810","post","type-post","status-publish","format-standard","has-post-thumbnail","hentry","category-internacionales"],"_links":{"self":[{"href":"https:\/\/sertv.gob.pa\/nacionalfm\/wp-json\/wp\/v2\/posts\/89810","targetHints":{"allow":["GET"]}}],"collection":[{"href":"https:\/\/sertv.gob.pa\/nacionalfm\/wp-json\/wp\/v2\/posts"}],"about":[{"href":"https:\/\/sertv.gob.pa\/nacionalfm\/wp-json\/wp\/v2\/types\/post"}],"author":[{"embeddable":true,"href":"https:\/\/sertv.gob.pa\/nacionalfm\/wp-json\/wp\/v2\/users\/9"}],"replies":[{"embeddable":true,"href":"https:\/\/sertv.gob.pa\/nacionalfm\/wp-json\/wp\/v2\/comments?post=89810"}],"version-history":[{"count":1,"href":"https:\/\/sertv.gob.pa\/nacionalfm\/wp-json\/wp\/v2\/posts\/89810\/revisions"}],"predecessor-version":[{"id":89814,"href":"https:\/\/sertv.gob.pa\/nacionalfm\/wp-json\/wp\/v2\/posts\/89810\/revisions\/89814"}],"wp:featuredmedia":[{"embeddable":true,"href":"https:\/\/sertv.gob.pa\/nacionalfm\/wp-json\/wp\/v2\/media\/89811"}],"wp:attachment":[{"href":"https:\/\/sertv.gob.pa\/nacionalfm\/wp-json\/wp\/v2\/media?parent=89810"}],"wp:term":[{"taxonomy":"category","embeddable":true,"href":"https:\/\/sertv.gob.pa\/nacionalfm\/wp-json\/wp\/v2\/categories?post=89810"},{"taxonomy":"post_tag","embeddable":true,"href":"https:\/\/sertv.gob.pa\/nacionalfm\/wp-json\/wp\/v2\/tags?post=89810"}],"curies":[{"name":"wp","href":"https:\/\/api.w.org\/{rel}","templated":true}]}}