{"id":89846,"date":"2023-07-28T16:09:20","date_gmt":"2023-07-28T16:09:20","guid":{"rendered":"https:\/\/sertv.gob.pa\/nacionalfm\/?p=89846"},"modified":"2023-07-28T16:17:30","modified_gmt":"2023-07-28T16:17:30","slug":"89846-2","status":"publish","type":"post","link":"https:\/\/sertv.gob.pa\/nacionalfm\/89846-2\/","title":{"rendered":"Un experto ucraniano asegura que el objetivo no es liberar Bajmut, sino rodearlo y destruir a los rusos"},"content":{"rendered":"<p>Kiev (EFE).- Bajmut sigue siendo una de las zonas m\u00e1s calientes del frente, y el ej\u00e9rcito ucraniano anuncia a diario avances en los flancos de esta ciudad ocupada por Rusia, pero el objetivo de Kiev no es, por ahora, recuperar el control del municipio, sino rodearlo y destruir a las fuerzas ocupantes desde los lados.<\/p>\n<p>As\u00ed lo ha asegurado a EFE el coronel en la reserva del ej\u00e9rcito ucraniano Sergu\u00ed Grabski.<\/p>\n<p>La liberaci\u00f3n de Bajmut, explic\u00f3 el experto, \u201cno es el objetivo de las fuerzas ucranianas en este momento, el objetivo es destruir las capacidades rusas all\u00ed\u201d.<\/p>\n<p>Para ello, Ucrania centra sus esfuerzos en los flancos de Bajmut, en los que avanza poco a poco pero constantemente desde hace semanas, con la idea de poder rodear la ciudad y a las tropas de ocupaci\u00f3n rusas.<\/p>\n<p>&nbsp;<\/p>\n","protected":false},"excerpt":{"rendered":"<p>Kiev (EFE).- Bajmut sigue siendo una de las zonas m\u00e1s <a href=\"https:\/\/sertv.gob.pa\/nacionalfm\/89846-2\/\"> [&#8230;]<\/a><\/p>\n","protected":false},"author":9,"featured_media":89847,"comment_status":"closed","ping_status":"closed","sticky":false,"template":"","format":"standard","meta":{"footnotes":""},"categories":[3],"tags":[],"class_list":["post-89846","post","type-post","status-publish","format-standard","has-post-thumbnail","hentry","category-internacionales"],"_links":{"self":[{"href":"https:\/\/sertv.gob.pa\/nacionalfm\/wp-json\/wp\/v2\/posts\/89846","targetHints":{"allow":["GET"]}}],"collection":[{"href":"https:\/\/sertv.gob.pa\/nacionalfm\/wp-json\/wp\/v2\/posts"}],"about":[{"href":"https:\/\/sertv.gob.pa\/nacionalfm\/wp-json\/wp\/v2\/types\/post"}],"author":[{"embeddable":true,"href":"https:\/\/sertv.gob.pa\/nacionalfm\/wp-json\/wp\/v2\/users\/9"}],"replies":[{"embeddable":true,"href":"https:\/\/sertv.gob.pa\/nacionalfm\/wp-json\/wp\/v2\/comments?post=89846"}],"version-history":[{"count":2,"href":"https:\/\/sertv.gob.pa\/nacionalfm\/wp-json\/wp\/v2\/posts\/89846\/revisions"}],"predecessor-version":[{"id":89850,"href":"https:\/\/sertv.gob.pa\/nacionalfm\/wp-json\/wp\/v2\/posts\/89846\/revisions\/89850"}],"wp:featuredmedia":[{"embeddable":true,"href":"https:\/\/sertv.gob.pa\/nacionalfm\/wp-json\/wp\/v2\/media\/89847"}],"wp:attachment":[{"href":"https:\/\/sertv.gob.pa\/nacionalfm\/wp-json\/wp\/v2\/media?parent=89846"}],"wp:term":[{"taxonomy":"category","embeddable":true,"href":"https:\/\/sertv.gob.pa\/nacionalfm\/wp-json\/wp\/v2\/categories?post=89846"},{"taxonomy":"post_tag","embeddable":true,"href":"https:\/\/sertv.gob.pa\/nacionalfm\/wp-json\/wp\/v2\/tags?post=89846"}],"curies":[{"name":"wp","href":"https:\/\/api.w.org\/{rel}","templated":true}]}}