{"id":89851,"date":"2023-07-28T16:32:53","date_gmt":"2023-07-28T16:32:53","guid":{"rendered":"https:\/\/sertv.gob.pa\/nacionalfm\/?p=89851"},"modified":"2023-07-28T16:32:53","modified_gmt":"2023-07-28T16:32:53","slug":"el-ultimo-fin-de-semana-de-julio-deja-calor-en-el-sur-hasta-40-grados-y-mas-fresco-en-el-norte","status":"publish","type":"post","link":"https:\/\/sertv.gob.pa\/nacionalfm\/el-ultimo-fin-de-semana-de-julio-deja-calor-en-el-sur-hasta-40-grados-y-mas-fresco-en-el-norte\/","title":{"rendered":"El \u00faltimo fin de semana de julio deja calor en el sur, hasta 40 grados, y m\u00e1s fresco en el norte"},"content":{"rendered":"<p>Madrid (EFE).- El \u00faltimo fin de semana de julio estar\u00e1 dominado por el calor en el sur peninsular, donde los term\u00f3metros alcanzar\u00e1n valores por encima de los 40 grados, mientras que en el norte la presencia de frentes atl\u00e1nticos dejar\u00e1 alguna lluvia y temperaturas m\u00e1s contenidas, entre 20-25 grados.<\/p>\n<p>Se espera un s\u00e1bado y domingo, en general, estables y \u201ct\u00edpicos de esta \u00e9poca del a\u00f1o con sol y calor\u201d, aunque en Galicia y en las comunidades Cant\u00e1bricas habr\u00e1 lluvias d\u00e9biles y en zonas de monta\u00f1a del norte y este de la pen\u00ednsula se prev\u00e9n tormentas, ha avanzado Rub\u00e9n Del Campo, portavoz de la Agencia Estatal de Meteorolog\u00eda (Aemet).<\/p>\n<p>&nbsp;<\/p>\n<p>&nbsp;<\/p>\n","protected":false},"excerpt":{"rendered":"<p>Madrid (EFE).- El \u00faltimo fin de semana de julio estar\u00e1 <a href=\"https:\/\/sertv.gob.pa\/nacionalfm\/el-ultimo-fin-de-semana-de-julio-deja-calor-en-el-sur-hasta-40-grados-y-mas-fresco-en-el-norte\/\"> [&#8230;]<\/a><\/p>\n","protected":false},"author":9,"featured_media":89852,"comment_status":"closed","ping_status":"closed","sticky":false,"template":"","format":"standard","meta":{"footnotes":""},"categories":[3],"tags":[],"class_list":["post-89851","post","type-post","status-publish","format-standard","has-post-thumbnail","hentry","category-internacionales"],"_links":{"self":[{"href":"https:\/\/sertv.gob.pa\/nacionalfm\/wp-json\/wp\/v2\/posts\/89851","targetHints":{"allow":["GET"]}}],"collection":[{"href":"https:\/\/sertv.gob.pa\/nacionalfm\/wp-json\/wp\/v2\/posts"}],"about":[{"href":"https:\/\/sertv.gob.pa\/nacionalfm\/wp-json\/wp\/v2\/types\/post"}],"author":[{"embeddable":true,"href":"https:\/\/sertv.gob.pa\/nacionalfm\/wp-json\/wp\/v2\/users\/9"}],"replies":[{"embeddable":true,"href":"https:\/\/sertv.gob.pa\/nacionalfm\/wp-json\/wp\/v2\/comments?post=89851"}],"version-history":[{"count":1,"href":"https:\/\/sertv.gob.pa\/nacionalfm\/wp-json\/wp\/v2\/posts\/89851\/revisions"}],"predecessor-version":[{"id":89855,"href":"https:\/\/sertv.gob.pa\/nacionalfm\/wp-json\/wp\/v2\/posts\/89851\/revisions\/89855"}],"wp:featuredmedia":[{"embeddable":true,"href":"https:\/\/sertv.gob.pa\/nacionalfm\/wp-json\/wp\/v2\/media\/89852"}],"wp:attachment":[{"href":"https:\/\/sertv.gob.pa\/nacionalfm\/wp-json\/wp\/v2\/media?parent=89851"}],"wp:term":[{"taxonomy":"category","embeddable":true,"href":"https:\/\/sertv.gob.pa\/nacionalfm\/wp-json\/wp\/v2\/categories?post=89851"},{"taxonomy":"post_tag","embeddable":true,"href":"https:\/\/sertv.gob.pa\/nacionalfm\/wp-json\/wp\/v2\/tags?post=89851"}],"curies":[{"name":"wp","href":"https:\/\/api.w.org\/{rel}","templated":true}]}}