{"id":89900,"date":"2023-07-31T18:08:21","date_gmt":"2023-07-31T18:08:21","guid":{"rendered":"https:\/\/sertv.gob.pa\/nacionalfm\/?p=89900"},"modified":"2023-07-31T18:08:21","modified_gmt":"2023-07-31T18:08:21","slug":"suben-a-54-los-muertos-en-el-atentado-en-pakistan-reivindicado-por-el-estado-islamico","status":"publish","type":"post","link":"https:\/\/sertv.gob.pa\/nacionalfm\/suben-a-54-los-muertos-en-el-atentado-en-pakistan-reivindicado-por-el-estado-islamico\/","title":{"rendered":"Suben a 54 los muertos en el atentado en Pakist\u00e1n reivindicado por el Estado Isl\u00e1mico"},"content":{"rendered":"<p><strong>\u00a0<\/strong>Islamabad (EFE).- Las autoridades de Pakist\u00e1n, elevaron este lunes a 54 la cifra de muertos en el atentado suicida perpetrado ayer durante una concurrida reuni\u00f3n del partido religioso Jamiat Ulema-i-Islam (JUI-F) en el norte del pa\u00eds que fue reivindicado por el grupo terrorista Estado Isl\u00e1mico.<\/p>\n<p>\u201cEl n\u00famero de muertos ha llegado a 54, mientras que, alrededor de 80 heridos est\u00e1n recibiendo tratamiento en diferentes hospitales\u201d, dijo a EFE el jefe de Polic\u00eda Niaz Mohammed, de la comisar\u00eda de Khar, donde ocurri\u00f3 el ataque.<\/p>\n<p>El ataque fue reivindicado hoy por el Estado Isl\u00e1mico de Khorasan, rama regional del grupo terrorista, que seg\u00fan el agente ya hab\u00eda atentado en m\u00faltiples ocasiones contra l\u00edderes y trabajadores del JUI-F en el pasado.<\/p>\n","protected":false},"excerpt":{"rendered":"<p>\u00a0Islamabad (EFE).- Las autoridades de Pakist\u00e1n, elevaron este lunes a <a href=\"https:\/\/sertv.gob.pa\/nacionalfm\/suben-a-54-los-muertos-en-el-atentado-en-pakistan-reivindicado-por-el-estado-islamico\/\"> [&#8230;]<\/a><\/p>\n","protected":false},"author":9,"featured_media":89901,"comment_status":"closed","ping_status":"closed","sticky":false,"template":"","format":"standard","meta":{"footnotes":""},"categories":[3],"tags":[],"class_list":["post-89900","post","type-post","status-publish","format-standard","has-post-thumbnail","hentry","category-internacionales"],"_links":{"self":[{"href":"https:\/\/sertv.gob.pa\/nacionalfm\/wp-json\/wp\/v2\/posts\/89900","targetHints":{"allow":["GET"]}}],"collection":[{"href":"https:\/\/sertv.gob.pa\/nacionalfm\/wp-json\/wp\/v2\/posts"}],"about":[{"href":"https:\/\/sertv.gob.pa\/nacionalfm\/wp-json\/wp\/v2\/types\/post"}],"author":[{"embeddable":true,"href":"https:\/\/sertv.gob.pa\/nacionalfm\/wp-json\/wp\/v2\/users\/9"}],"replies":[{"embeddable":true,"href":"https:\/\/sertv.gob.pa\/nacionalfm\/wp-json\/wp\/v2\/comments?post=89900"}],"version-history":[{"count":1,"href":"https:\/\/sertv.gob.pa\/nacionalfm\/wp-json\/wp\/v2\/posts\/89900\/revisions"}],"predecessor-version":[{"id":89902,"href":"https:\/\/sertv.gob.pa\/nacionalfm\/wp-json\/wp\/v2\/posts\/89900\/revisions\/89902"}],"wp:featuredmedia":[{"embeddable":true,"href":"https:\/\/sertv.gob.pa\/nacionalfm\/wp-json\/wp\/v2\/media\/89901"}],"wp:attachment":[{"href":"https:\/\/sertv.gob.pa\/nacionalfm\/wp-json\/wp\/v2\/media?parent=89900"}],"wp:term":[{"taxonomy":"category","embeddable":true,"href":"https:\/\/sertv.gob.pa\/nacionalfm\/wp-json\/wp\/v2\/categories?post=89900"},{"taxonomy":"post_tag","embeddable":true,"href":"https:\/\/sertv.gob.pa\/nacionalfm\/wp-json\/wp\/v2\/tags?post=89900"}],"curies":[{"name":"wp","href":"https:\/\/api.w.org\/{rel}","templated":true}]}}