{"id":89903,"date":"2023-07-31T18:26:16","date_gmt":"2023-07-31T18:26:16","guid":{"rendered":"https:\/\/sertv.gob.pa\/nacionalfm\/?p=89903"},"modified":"2023-07-31T18:26:16","modified_gmt":"2023-07-31T18:26:16","slug":"la-sequia-obliga-a-reducir-el-transito-de-embarcaciones-en-el-canal-de-panama","status":"publish","type":"post","link":"https:\/\/sertv.gob.pa\/nacionalfm\/la-sequia-obliga-a-reducir-el-transito-de-embarcaciones-en-el-canal-de-panama\/","title":{"rendered":"La sequ\u00eda obliga a reducir el tr\u00e1nsito de embarcaciones en el Canal de Panam\u00e1"},"content":{"rendered":"<p><strong><a href=\"https:\/\/efeverde.com\/author\/pruebasredaccion\/\" target=\"_blank\" rel=\"noopener\">Redacci\u00f3n EFEverde<\/a><\/strong><\/p>\n<p><strong>Ciudad de Panam\u00e1.- La escasez de lluvias empuj\u00f3 al Canal de Panam\u00e1 a reducir a 32 el n\u00famero de embarcaciones que desde este domingo atraviesan a diario la v\u00eda interoce\u00e1nica, una medida que adem\u00e1s de disminuir los ingresos del canal, claves para las arcas p\u00fablicas, har\u00e1 que aumente previsiblemente el atasco mar\u00edtimo.<\/strong><\/p>\n<p>La medida entr\u00f3 en vigor cuando como de costumbre eran visibles en la bah\u00eda de Panam\u00e1, en el oc\u00e9ano Pac\u00edfico, medio centenar de embarcaciones en fila a la espera de su turno para atravesar el Canal, iluminando el horizonte como una urbe costera.<\/p>\n","protected":false},"excerpt":{"rendered":"<p>Redacci\u00f3n EFEverde Ciudad de Panam\u00e1.- La escasez de lluvias empuj\u00f3 <a href=\"https:\/\/sertv.gob.pa\/nacionalfm\/la-sequia-obliga-a-reducir-el-transito-de-embarcaciones-en-el-canal-de-panama\/\"> [&#8230;]<\/a><\/p>\n","protected":false},"author":9,"featured_media":89904,"comment_status":"closed","ping_status":"closed","sticky":false,"template":"","format":"standard","meta":{"footnotes":""},"categories":[3],"tags":[],"class_list":["post-89903","post","type-post","status-publish","format-standard","has-post-thumbnail","hentry","category-internacionales"],"_links":{"self":[{"href":"https:\/\/sertv.gob.pa\/nacionalfm\/wp-json\/wp\/v2\/posts\/89903","targetHints":{"allow":["GET"]}}],"collection":[{"href":"https:\/\/sertv.gob.pa\/nacionalfm\/wp-json\/wp\/v2\/posts"}],"about":[{"href":"https:\/\/sertv.gob.pa\/nacionalfm\/wp-json\/wp\/v2\/types\/post"}],"author":[{"embeddable":true,"href":"https:\/\/sertv.gob.pa\/nacionalfm\/wp-json\/wp\/v2\/users\/9"}],"replies":[{"embeddable":true,"href":"https:\/\/sertv.gob.pa\/nacionalfm\/wp-json\/wp\/v2\/comments?post=89903"}],"version-history":[{"count":1,"href":"https:\/\/sertv.gob.pa\/nacionalfm\/wp-json\/wp\/v2\/posts\/89903\/revisions"}],"predecessor-version":[{"id":89905,"href":"https:\/\/sertv.gob.pa\/nacionalfm\/wp-json\/wp\/v2\/posts\/89903\/revisions\/89905"}],"wp:featuredmedia":[{"embeddable":true,"href":"https:\/\/sertv.gob.pa\/nacionalfm\/wp-json\/wp\/v2\/media\/89904"}],"wp:attachment":[{"href":"https:\/\/sertv.gob.pa\/nacionalfm\/wp-json\/wp\/v2\/media?parent=89903"}],"wp:term":[{"taxonomy":"category","embeddable":true,"href":"https:\/\/sertv.gob.pa\/nacionalfm\/wp-json\/wp\/v2\/categories?post=89903"},{"taxonomy":"post_tag","embeddable":true,"href":"https:\/\/sertv.gob.pa\/nacionalfm\/wp-json\/wp\/v2\/tags?post=89903"}],"curies":[{"name":"wp","href":"https:\/\/api.w.org\/{rel}","templated":true}]}}