{"id":89949,"date":"2023-08-01T17:36:44","date_gmt":"2023-08-01T17:36:44","guid":{"rendered":"https:\/\/sertv.gob.pa\/nacionalfm\/?p=89949"},"modified":"2023-08-01T17:36:44","modified_gmt":"2023-08-01T17:36:44","slug":"un-dron-impacta-en-un-edificio-comercial-de-moscu-y-otro-destruye-un-centro-educativo-en-jarkov","status":"publish","type":"post","link":"https:\/\/sertv.gob.pa\/nacionalfm\/un-dron-impacta-en-un-edificio-comercial-de-moscu-y-otro-destruye-un-centro-educativo-en-jarkov\/","title":{"rendered":"Un dron impacta en un edificio comercial de Mosc\u00fa y otro destruye un centro educativo en J\u00e1rkov"},"content":{"rendered":"<p>Mosc\u00fa\/Kiev (EFE).- Un dron impact\u00f3 esta madrugada en un edificio comercial de Mosc\u00fa, sin que se hayan producido heridos, seg\u00fan ha informado el alcalde de la capital rusa, Sergu\u00e9i Sobyanin.<\/p>\n<p>A trav\u00e9s de su cuenta en Telegram, el regidor anuncio que \u201cdrones ucranianos nos atacaron esta noche. Las fachadas de dos torres de oficinas de la City resultaron levemente da\u00f1adas. No hay v\u00edctimas ni heridos\u201d.<\/p>\n<p>El dron se estrell\u00f3 con los cristales de la fachada del piso 21 de uno de los rascacielos que conforman el moderno circuito financiero de Moscow City, dos de cuyas torres sufrieron da\u00f1os el pasado s\u00e1bado en un ataque similar.<\/p>\n<p>Adem\u00e1s, el Ministerio de Defensa de Rusia comunic\u00f3 que las fuerzas de la defensa antia\u00e9rea derribaron hoy dos drones en la regi\u00f3n de Mosc\u00fa: uno en el distrito de Odintsovo y el otro en el de Naro-Fominsk, donde se encuentra emplazada la segunda divisi\u00f3n de infanter\u00eda motorizada, una de las unidades de \u00e9lite del Ej\u00e9rcito ruso.<\/p>\n<p>El ataque de hoy, calificado de \u201cterrorista\u201d por las autoridades rusas, se produjo despu\u00e9s de que este lunes, el ministro de Defensa ruso, Sergu\u00e9i Shoig\u00fa, anunciara medidas de seguridad adicionales para proteger la infraestructura de los ataques ucranianos por mar y aire.<\/p>\n<p>&nbsp;<\/p>\n","protected":false},"excerpt":{"rendered":"<p>Mosc\u00fa\/Kiev (EFE).- Un dron impact\u00f3 esta madrugada en un edificio <a href=\"https:\/\/sertv.gob.pa\/nacionalfm\/un-dron-impacta-en-un-edificio-comercial-de-moscu-y-otro-destruye-un-centro-educativo-en-jarkov\/\"> [&#8230;]<\/a><\/p>\n","protected":false},"author":9,"featured_media":89950,"comment_status":"closed","ping_status":"closed","sticky":false,"template":"","format":"standard","meta":{"footnotes":""},"categories":[3],"tags":[],"class_list":["post-89949","post","type-post","status-publish","format-standard","has-post-thumbnail","hentry","category-internacionales"],"_links":{"self":[{"href":"https:\/\/sertv.gob.pa\/nacionalfm\/wp-json\/wp\/v2\/posts\/89949","targetHints":{"allow":["GET"]}}],"collection":[{"href":"https:\/\/sertv.gob.pa\/nacionalfm\/wp-json\/wp\/v2\/posts"}],"about":[{"href":"https:\/\/sertv.gob.pa\/nacionalfm\/wp-json\/wp\/v2\/types\/post"}],"author":[{"embeddable":true,"href":"https:\/\/sertv.gob.pa\/nacionalfm\/wp-json\/wp\/v2\/users\/9"}],"replies":[{"embeddable":true,"href":"https:\/\/sertv.gob.pa\/nacionalfm\/wp-json\/wp\/v2\/comments?post=89949"}],"version-history":[{"count":1,"href":"https:\/\/sertv.gob.pa\/nacionalfm\/wp-json\/wp\/v2\/posts\/89949\/revisions"}],"predecessor-version":[{"id":89952,"href":"https:\/\/sertv.gob.pa\/nacionalfm\/wp-json\/wp\/v2\/posts\/89949\/revisions\/89952"}],"wp:featuredmedia":[{"embeddable":true,"href":"https:\/\/sertv.gob.pa\/nacionalfm\/wp-json\/wp\/v2\/media\/89950"}],"wp:attachment":[{"href":"https:\/\/sertv.gob.pa\/nacionalfm\/wp-json\/wp\/v2\/media?parent=89949"}],"wp:term":[{"taxonomy":"category","embeddable":true,"href":"https:\/\/sertv.gob.pa\/nacionalfm\/wp-json\/wp\/v2\/categories?post=89949"},{"taxonomy":"post_tag","embeddable":true,"href":"https:\/\/sertv.gob.pa\/nacionalfm\/wp-json\/wp\/v2\/tags?post=89949"}],"curies":[{"name":"wp","href":"https:\/\/api.w.org\/{rel}","templated":true}]}}