{"id":89997,"date":"2023-08-02T18:37:08","date_gmt":"2023-08-02T18:37:08","guid":{"rendered":"https:\/\/sertv.gob.pa\/nacionalfm\/?p=89997"},"modified":"2023-08-02T18:37:08","modified_gmt":"2023-08-02T18:37:08","slug":"medida-sin-precedentes-en-cataluna-contra-la-sequia-24-municipios-en-emergencia-por-primera-vez","status":"publish","type":"post","link":"https:\/\/sertv.gob.pa\/nacionalfm\/medida-sin-precedentes-en-cataluna-contra-la-sequia-24-municipios-en-emergencia-por-primera-vez\/","title":{"rendered":"Medida sin precedentes en Catalu\u00f1a contra la sequ\u00eda: 24 municipios en emergencia por primera vez"},"content":{"rendered":"<p>Barcelona (EFE).- La Agencia Catalana del Agua (ACA) ha declarado este mi\u00e9rcoles por primera vez la situaci\u00f3n de emergencia por sequ\u00eda en 24 municipios de Catalu\u00f1a, de los que 22 dependen del acu\u00edfero Fluvi\u00e0-Muga (Alt Empord\u00e0, Girona), mientras que los dos restantes se abastecen del pantano de Riudecanyes (Baix Camp, Tarragona). La poblaci\u00f3n afectada llega a los 26.000 habitantes.<\/p>\n<p>Tras 30 meses de sequ\u00eda en distintos rangos de alerta, y pese a las lluvias de mayo y junio, los niveles de las cuencas interiores han llevado a la administraci\u00f3n catalana a tomar medidas sin precedentes, aunque todav\u00eda no se prev\u00e9n cortes de agua de boca.<\/p>\n<p>La decisi\u00f3n, anunciada por el director del ACA, Samuel Reyes, se ha tomado en el marco de la reuni\u00f3n de la Comisi\u00f3n Interdepartamental de la Sequ\u00eda, de la que participan representantes de la agencia as\u00ed como seis consellers del Govern y el propio presidente de la Generalitat, Pere Aragon\u00e8s.<\/p>\n<p>La situaci\u00f3n de emergencia, que se implementar\u00e1 desde la pr\u00f3xima semana, implica que habr\u00e1 una limitaci\u00f3n de consumo global del agua de 200 litros por habitante y d\u00eda, aunque s\u00f3lo en los servicios municipales y no afectar\u00e1 al agua de boca en esta fase.<\/p>\n","protected":false},"excerpt":{"rendered":"<p>Barcelona (EFE).- La Agencia Catalana del Agua (ACA) ha declarado <a href=\"https:\/\/sertv.gob.pa\/nacionalfm\/medida-sin-precedentes-en-cataluna-contra-la-sequia-24-municipios-en-emergencia-por-primera-vez\/\"> [&#8230;]<\/a><\/p>\n","protected":false},"author":9,"featured_media":89998,"comment_status":"closed","ping_status":"closed","sticky":false,"template":"","format":"standard","meta":{"footnotes":""},"categories":[3],"tags":[],"class_list":["post-89997","post","type-post","status-publish","format-standard","has-post-thumbnail","hentry","category-internacionales"],"_links":{"self":[{"href":"https:\/\/sertv.gob.pa\/nacionalfm\/wp-json\/wp\/v2\/posts\/89997","targetHints":{"allow":["GET"]}}],"collection":[{"href":"https:\/\/sertv.gob.pa\/nacionalfm\/wp-json\/wp\/v2\/posts"}],"about":[{"href":"https:\/\/sertv.gob.pa\/nacionalfm\/wp-json\/wp\/v2\/types\/post"}],"author":[{"embeddable":true,"href":"https:\/\/sertv.gob.pa\/nacionalfm\/wp-json\/wp\/v2\/users\/9"}],"replies":[{"embeddable":true,"href":"https:\/\/sertv.gob.pa\/nacionalfm\/wp-json\/wp\/v2\/comments?post=89997"}],"version-history":[{"count":1,"href":"https:\/\/sertv.gob.pa\/nacionalfm\/wp-json\/wp\/v2\/posts\/89997\/revisions"}],"predecessor-version":[{"id":90001,"href":"https:\/\/sertv.gob.pa\/nacionalfm\/wp-json\/wp\/v2\/posts\/89997\/revisions\/90001"}],"wp:featuredmedia":[{"embeddable":true,"href":"https:\/\/sertv.gob.pa\/nacionalfm\/wp-json\/wp\/v2\/media\/89998"}],"wp:attachment":[{"href":"https:\/\/sertv.gob.pa\/nacionalfm\/wp-json\/wp\/v2\/media?parent=89997"}],"wp:term":[{"taxonomy":"category","embeddable":true,"href":"https:\/\/sertv.gob.pa\/nacionalfm\/wp-json\/wp\/v2\/categories?post=89997"},{"taxonomy":"post_tag","embeddable":true,"href":"https:\/\/sertv.gob.pa\/nacionalfm\/wp-json\/wp\/v2\/tags?post=89997"}],"curies":[{"name":"wp","href":"https:\/\/api.w.org\/{rel}","templated":true}]}}