{"id":90020,"date":"2023-08-03T17:27:38","date_gmt":"2023-08-03T17:27:38","guid":{"rendered":"https:\/\/sertv.gob.pa\/nacionalfm\/?p=90020"},"modified":"2023-08-03T17:27:38","modified_gmt":"2023-08-03T17:27:38","slug":"una-docena-de-heridos-en-un-apunalamiento-indiscriminado-cerca-de-seul","status":"publish","type":"post","link":"https:\/\/sertv.gob.pa\/nacionalfm\/una-docena-de-heridos-en-un-apunalamiento-indiscriminado-cerca-de-seul\/","title":{"rendered":"Una docena de heridos en un apu\u00f1alamiento indiscriminado cerca de Se\u00fal"},"content":{"rendered":"<p><strong><em>\u00a0<\/em><\/strong><strong><em>Se\u00fal (EFE).- Al menos una docena de personas han resultado heridas, tres de ellas de gravedad, en un ataque indiscriminado con arma blanca perpetrado en una ciudad al sur de Se\u00fal por un hombre que ha sido arrestado por la polic\u00eda.<\/em><\/strong><\/p>\n<p><strong><em>El suceso tuvo lugar este jueves cerca de un centro comercial y junto a una estaci\u00f3n de metro en la ciudad de Seongnam, que forma parte del \u00e1rea metropolitana de la capital, poco antes de las 18.00 hora local (9.00 GMT).<\/em><\/strong><\/p>\n<p><strong><em>Los servicios de emergencia recibieron una llamada alertando de que un hombre estaba atacando a viandantes con un cuchillo, seg\u00fan recoge la agencia local Yonhap.<\/em><\/strong><\/p>\n<p><strong><em>Detenido el agresor<\/em><\/strong><\/p>\n<p><strong><em>La polic\u00eda detuvo al presunto autor de los ataques con arma blanca cuando trataba de huir de la escena del crimen, donde antes hab\u00eda atropellado a cinco peatones, seg\u00fan las primeras investigaciones.<\/em><\/strong><\/p>\n<p><strong><em>Las autoridades informaron de que tres de los heridos han sido trasladados a la sala de emergencias del hospital y por el momento se desconoce el alcance de las heridas de las otras v\u00edctimas.<\/em><\/strong><\/p>\n<p><strong><em>Se trata del segundo incidente de este tipo que se registra en Corea del Sur en apenas 15 d\u00edas.<\/em><\/strong><\/p>\n<p><strong><em><a href=\"https:\/\/efe.com\/mundo\/2023-07-21\/apunalamiento-mortal-en-plena-calle-de-seul\/\" target=\"_blank\" rel=\"noopener\">El pasado 21 de julio un hombre comenz\u00f3 a apu\u00f1alar a viandantes en plena calle de Se\u00fal<\/a>, causando un muerto y tres heridos.<\/em><\/strong><\/p>\n","protected":false},"excerpt":{"rendered":"<p>\u00a0Se\u00fal (EFE).- Al menos una docena de personas han resultado <a href=\"https:\/\/sertv.gob.pa\/nacionalfm\/una-docena-de-heridos-en-un-apunalamiento-indiscriminado-cerca-de-seul\/\"> [&#8230;]<\/a><\/p>\n","protected":false},"author":9,"featured_media":90021,"comment_status":"closed","ping_status":"closed","sticky":false,"template":"","format":"standard","meta":{"footnotes":""},"categories":[3],"tags":[],"class_list":["post-90020","post","type-post","status-publish","format-standard","has-post-thumbnail","hentry","category-internacionales"],"_links":{"self":[{"href":"https:\/\/sertv.gob.pa\/nacionalfm\/wp-json\/wp\/v2\/posts\/90020","targetHints":{"allow":["GET"]}}],"collection":[{"href":"https:\/\/sertv.gob.pa\/nacionalfm\/wp-json\/wp\/v2\/posts"}],"about":[{"href":"https:\/\/sertv.gob.pa\/nacionalfm\/wp-json\/wp\/v2\/types\/post"}],"author":[{"embeddable":true,"href":"https:\/\/sertv.gob.pa\/nacionalfm\/wp-json\/wp\/v2\/users\/9"}],"replies":[{"embeddable":true,"href":"https:\/\/sertv.gob.pa\/nacionalfm\/wp-json\/wp\/v2\/comments?post=90020"}],"version-history":[{"count":1,"href":"https:\/\/sertv.gob.pa\/nacionalfm\/wp-json\/wp\/v2\/posts\/90020\/revisions"}],"predecessor-version":[{"id":90023,"href":"https:\/\/sertv.gob.pa\/nacionalfm\/wp-json\/wp\/v2\/posts\/90020\/revisions\/90023"}],"wp:featuredmedia":[{"embeddable":true,"href":"https:\/\/sertv.gob.pa\/nacionalfm\/wp-json\/wp\/v2\/media\/90021"}],"wp:attachment":[{"href":"https:\/\/sertv.gob.pa\/nacionalfm\/wp-json\/wp\/v2\/media?parent=90020"}],"wp:term":[{"taxonomy":"category","embeddable":true,"href":"https:\/\/sertv.gob.pa\/nacionalfm\/wp-json\/wp\/v2\/categories?post=90020"},{"taxonomy":"post_tag","embeddable":true,"href":"https:\/\/sertv.gob.pa\/nacionalfm\/wp-json\/wp\/v2\/tags?post=90020"}],"curies":[{"name":"wp","href":"https:\/\/api.w.org\/{rel}","templated":true}]}}