{"id":90058,"date":"2023-08-04T15:51:04","date_gmt":"2023-08-04T15:51:04","guid":{"rendered":"https:\/\/sertv.gob.pa\/nacionalfm\/?p=90058"},"modified":"2023-08-04T15:51:04","modified_gmt":"2023-08-04T15:51:04","slug":"espana-a-las-puertas-de-la-tercera-ola-de-calor-del-verano-que-llega-la-proxima-semana","status":"publish","type":"post","link":"https:\/\/sertv.gob.pa\/nacionalfm\/espana-a-las-puertas-de-la-tercera-ola-de-calor-del-verano-que-llega-la-proxima-semana\/","title":{"rendered":"Espa\u00f1a, a las puertas de la tercera ola de calor del verano que llega la pr\u00f3xima semana"},"content":{"rendered":"<p><strong><em><a href=\"https:\/\/efeverde.com\/author\/efeverde\/\" target=\"_blank\" rel=\"noopener\">efeverde<\/a><\/em><\/strong><\/p>\n<p>&nbsp;<\/p>\n<p><strong>Tras dos jornadas de temperaturas m\u00e1s bajas de lo habitual en gran parte del pa\u00eds, el calor intenso volver\u00e1 este fin de semana a toda Espa\u00f1a que, a partir del lunes o el martes pr\u00f3ximos sufr\u00eda, muy probablemente, la que ser\u00e1 la tercera ola de calor del verano, que podr\u00eda prolongarse durante gran parte de la semana.<\/strong><\/p>\n<p>Seg\u00fan la previsi\u00f3n de la Agencia Estatal de Meteorolog\u00eda (Aemet), la jornada de hoy viernes ser\u00e1 fr\u00eda para la \u00e9poca del a\u00f1o en el norte de la Pen\u00ednsula, al igual que en amplias zonas del pa\u00eds en la madrugada del s\u00e1bado, cuando las m\u00ednimas bajar\u00e1n de los 10 grados en ciudades como Burgos, Le\u00f3n, Palencia, Soria o Teruel y hasta los 5 grados en localidades de monta\u00f1a.<\/p>\n<p>A partir del s\u00e1bado, las temperaturas iniciar\u00e1n una subida progresiva y generalizada y el calor ser\u00e1 intenso en buena parte de Espa\u00f1a durante la semana que viene.<\/p>\n<p>Es \u201cprobable\u201d que a partir del lunes o el martes pr\u00f3ximos \u201cestemos ante la tercera ola de calor del verano\u201d, tras las dos registradas en julio, y que \u00e9sta se prolongue durante buena parte de la semana, seg\u00fan el portavoz de la Aemet, Rub\u00e9n del Campo.<\/p>\n<p>&nbsp;<\/p>\n","protected":false},"excerpt":{"rendered":"<p>efeverde &nbsp; Tras dos jornadas de temperaturas m\u00e1s bajas de <a href=\"https:\/\/sertv.gob.pa\/nacionalfm\/espana-a-las-puertas-de-la-tercera-ola-de-calor-del-verano-que-llega-la-proxima-semana\/\"> [&#8230;]<\/a><\/p>\n","protected":false},"author":9,"featured_media":90059,"comment_status":"closed","ping_status":"closed","sticky":false,"template":"","format":"standard","meta":{"footnotes":""},"categories":[3],"tags":[],"class_list":["post-90058","post","type-post","status-publish","format-standard","has-post-thumbnail","hentry","category-internacionales"],"_links":{"self":[{"href":"https:\/\/sertv.gob.pa\/nacionalfm\/wp-json\/wp\/v2\/posts\/90058","targetHints":{"allow":["GET"]}}],"collection":[{"href":"https:\/\/sertv.gob.pa\/nacionalfm\/wp-json\/wp\/v2\/posts"}],"about":[{"href":"https:\/\/sertv.gob.pa\/nacionalfm\/wp-json\/wp\/v2\/types\/post"}],"author":[{"embeddable":true,"href":"https:\/\/sertv.gob.pa\/nacionalfm\/wp-json\/wp\/v2\/users\/9"}],"replies":[{"embeddable":true,"href":"https:\/\/sertv.gob.pa\/nacionalfm\/wp-json\/wp\/v2\/comments?post=90058"}],"version-history":[{"count":1,"href":"https:\/\/sertv.gob.pa\/nacionalfm\/wp-json\/wp\/v2\/posts\/90058\/revisions"}],"predecessor-version":[{"id":90062,"href":"https:\/\/sertv.gob.pa\/nacionalfm\/wp-json\/wp\/v2\/posts\/90058\/revisions\/90062"}],"wp:featuredmedia":[{"embeddable":true,"href":"https:\/\/sertv.gob.pa\/nacionalfm\/wp-json\/wp\/v2\/media\/90059"}],"wp:attachment":[{"href":"https:\/\/sertv.gob.pa\/nacionalfm\/wp-json\/wp\/v2\/media?parent=90058"}],"wp:term":[{"taxonomy":"category","embeddable":true,"href":"https:\/\/sertv.gob.pa\/nacionalfm\/wp-json\/wp\/v2\/categories?post=90058"},{"taxonomy":"post_tag","embeddable":true,"href":"https:\/\/sertv.gob.pa\/nacionalfm\/wp-json\/wp\/v2\/tags?post=90058"}],"curies":[{"name":"wp","href":"https:\/\/api.w.org\/{rel}","templated":true}]}}