{"id":9007,"date":"2015-11-27T16:10:23","date_gmt":"2015-11-27T16:10:23","guid":{"rendered":""},"modified":"2015-11-27T16:10:23","modified_gmt":"2015-11-27T16:10:23","slug":"mexicanos-que-residen-en-eu-piensan-que-viviran-poco","status":"publish","type":"post","link":"https:\/\/sertv.gob.pa\/nacionalfm\/mexicanos-que-residen-en-eu-piensan-que-viviran-poco\/","title":{"rendered":"Mexicanos que residen en EU piensan que vivir\u00e1n poco"},"content":{"rendered":"<p>\nUno de cada tres mexicanos que viven en Estados Unidos est\u00e1 seguro de que vivir\u00e1 m\u00e1s all\u00e1 de los 35 a\u00f1os, se\u00f1al\u00f3 un estudio que destaca la extensi\u00f3n de la discriminaci\u00f3n en ese pa\u00eds. <\/p>\n<p>\u00danicamente 38% de los mexicanos que nacieron fuera de Estados Unidos, as\u00ed como 50% de los afroestadounidenses, manifiestan que est\u00e1n &lsquo;casi seguros&#8217; de sobrevivir los 35 a\u00f1os, se\u00f1al\u00f3 la investigaci\u00f3n publicada en la edici\u00f3n de diciembre de la revista especializada Journal of Health and Social Behavior. Entre los blancos, esta cifra es muy superior: 66%. <\/p>\n<p>Nuestro hallazgo m\u00e1s sorprendente es que los j\u00f3venes mexicanos nacidos en el extranjero son los m\u00e1s pesimistas sobre su supervivencia en el futuro; incluso m\u00e1s pesimistas que sus pares negros&#8217;, expres\u00f3 la principal autora del estudio, Tara Warner, profesora asistente de sociolog\u00eda en la universidad de Nebraska-Lincoln. <\/p>\n<p>\u00a0&lsquo;Este pesimismo se mantiene incluso luego de considerar factores de riesgo que socavan la supervivencia, como la falta de atenci\u00f3n m\u00e9dica rutinaria, la exposici\u00f3n a la pobreza y experiencias de violencia&#8217;. <\/p>\n<p>\u00a0 <\/p>\n","protected":false},"excerpt":{"rendered":"<p>Uno de cada tres mexicanos que viven en Estados Unidos <a href=\"https:\/\/sertv.gob.pa\/nacionalfm\/mexicanos-que-residen-en-eu-piensan-que-viviran-poco\/\"> [&#8230;]<\/a><\/p>\n","protected":false},"author":1,"featured_media":9008,"comment_status":"closed","ping_status":"closed","sticky":false,"template":"","format":"standard","meta":{"footnotes":""},"categories":[5],"tags":[],"class_list":["post-9007","post","type-post","status-publish","format-standard","has-post-thumbnail","hentry","category-salud"],"_links":{"self":[{"href":"https:\/\/sertv.gob.pa\/nacionalfm\/wp-json\/wp\/v2\/posts\/9007","targetHints":{"allow":["GET"]}}],"collection":[{"href":"https:\/\/sertv.gob.pa\/nacionalfm\/wp-json\/wp\/v2\/posts"}],"about":[{"href":"https:\/\/sertv.gob.pa\/nacionalfm\/wp-json\/wp\/v2\/types\/post"}],"author":[{"embeddable":true,"href":"https:\/\/sertv.gob.pa\/nacionalfm\/wp-json\/wp\/v2\/users\/1"}],"replies":[{"embeddable":true,"href":"https:\/\/sertv.gob.pa\/nacionalfm\/wp-json\/wp\/v2\/comments?post=9007"}],"version-history":[{"count":0,"href":"https:\/\/sertv.gob.pa\/nacionalfm\/wp-json\/wp\/v2\/posts\/9007\/revisions"}],"wp:featuredmedia":[{"embeddable":true,"href":"https:\/\/sertv.gob.pa\/nacionalfm\/wp-json\/wp\/v2\/media\/9008"}],"wp:attachment":[{"href":"https:\/\/sertv.gob.pa\/nacionalfm\/wp-json\/wp\/v2\/media?parent=9007"}],"wp:term":[{"taxonomy":"category","embeddable":true,"href":"https:\/\/sertv.gob.pa\/nacionalfm\/wp-json\/wp\/v2\/categories?post=9007"},{"taxonomy":"post_tag","embeddable":true,"href":"https:\/\/sertv.gob.pa\/nacionalfm\/wp-json\/wp\/v2\/tags?post=9007"}],"curies":[{"name":"wp","href":"https:\/\/api.w.org\/{rel}","templated":true}]}}