{"id":9009,"date":"2015-11-27T16:19:15","date_gmt":"2015-11-27T16:19:15","guid":{"rendered":""},"modified":"2015-11-27T16:19:15","modified_gmt":"2015-11-27T16:19:15","slug":"contra-cancer-de-mama-lucha-una-nina-de-8-anos","status":"publish","type":"post","link":"https:\/\/sertv.gob.pa\/nacionalfm\/contra-cancer-de-mama-lucha-una-nina-de-8-anos\/","title":{"rendered":"Contra c\u00e1ncer de mama lucha una ni\u00f1a de 8 a\u00f1os"},"content":{"rendered":"<p>\nUna ni\u00f1a de 8 a\u00f1os padece un extra\u00f1o c\u00e1ncer de mama, lo que la convertir\u00eda en la paciente m\u00e1s joven con esta clase de tumor.\u00a0 <\/p>\n<p>Se trata de la estadounidense Chrissy Turner, quien tendr\u00e1 que someterse a una mastectom\u00eda el pr\u00f3ximo mes para erradicar el tumor. <\/p>\n<p>La ni\u00f1a encontr\u00f3 un bulto en su pecho el mes pasado y luego de varias pruebas m\u00e9dicas se descubri\u00f3 que ten\u00eda un tipo particular de c\u00e1ncer que \u00absolo afecta a uno en un mill\u00f3n\u00bb. <\/p>\n<p>En la familia de Chrissy hay antecedentes de c\u00e1ncer, ya que su madre \u00a0tuvo un tumor cervical, mientras que su padre gan\u00f3 la batalla contra el Linfoma no Hodgkiniano, un tipo de c\u00e1ncer en el sistema linf\u00e1tico. <\/p>\n<p>\u00a0 <\/p>\n","protected":false},"excerpt":{"rendered":"<p>Una ni\u00f1a de 8 a\u00f1os padece un extra\u00f1o c\u00e1ncer de <a href=\"https:\/\/sertv.gob.pa\/nacionalfm\/contra-cancer-de-mama-lucha-una-nina-de-8-anos\/\"> [&#8230;]<\/a><\/p>\n","protected":false},"author":1,"featured_media":9010,"comment_status":"closed","ping_status":"closed","sticky":false,"template":"","format":"standard","meta":{"footnotes":""},"categories":[5],"tags":[],"class_list":["post-9009","post","type-post","status-publish","format-standard","has-post-thumbnail","hentry","category-salud"],"_links":{"self":[{"href":"https:\/\/sertv.gob.pa\/nacionalfm\/wp-json\/wp\/v2\/posts\/9009","targetHints":{"allow":["GET"]}}],"collection":[{"href":"https:\/\/sertv.gob.pa\/nacionalfm\/wp-json\/wp\/v2\/posts"}],"about":[{"href":"https:\/\/sertv.gob.pa\/nacionalfm\/wp-json\/wp\/v2\/types\/post"}],"author":[{"embeddable":true,"href":"https:\/\/sertv.gob.pa\/nacionalfm\/wp-json\/wp\/v2\/users\/1"}],"replies":[{"embeddable":true,"href":"https:\/\/sertv.gob.pa\/nacionalfm\/wp-json\/wp\/v2\/comments?post=9009"}],"version-history":[{"count":0,"href":"https:\/\/sertv.gob.pa\/nacionalfm\/wp-json\/wp\/v2\/posts\/9009\/revisions"}],"wp:featuredmedia":[{"embeddable":true,"href":"https:\/\/sertv.gob.pa\/nacionalfm\/wp-json\/wp\/v2\/media\/9010"}],"wp:attachment":[{"href":"https:\/\/sertv.gob.pa\/nacionalfm\/wp-json\/wp\/v2\/media?parent=9009"}],"wp:term":[{"taxonomy":"category","embeddable":true,"href":"https:\/\/sertv.gob.pa\/nacionalfm\/wp-json\/wp\/v2\/categories?post=9009"},{"taxonomy":"post_tag","embeddable":true,"href":"https:\/\/sertv.gob.pa\/nacionalfm\/wp-json\/wp\/v2\/tags?post=9009"}],"curies":[{"name":"wp","href":"https:\/\/api.w.org\/{rel}","templated":true}]}}