{"id":90093,"date":"2023-08-07T17:09:46","date_gmt":"2023-08-07T17:09:46","guid":{"rendered":"https:\/\/sertv.gob.pa\/nacionalfm\/?p=90093"},"modified":"2023-08-07T17:09:46","modified_gmt":"2023-08-07T17:09:46","slug":"la-nasa-capta-una-fuerte-erupcion-solar","status":"publish","type":"post","link":"https:\/\/sertv.gob.pa\/nacionalfm\/la-nasa-capta-una-fuerte-erupcion-solar\/","title":{"rendered":"La NASA capta una fuerte erupci\u00f3n solar"},"content":{"rendered":"<p>Ciencia (EFE).- El Sol emiti\u00f3 el pasado s\u00e1bado una fuerte erupci\u00f3n solar, que alcanz\u00f3 su m\u00e1ximo a las 22:21 horas GMT, seg\u00fan la agencia espacial estadounidense NASA, que a trav\u00e9s de su Observatorio de Din\u00e1mica Solar pudo captar una imagen de este evento.<\/p>\n<p>La imagen muestra un subconjunto de luz ultravioleta extrema que resalta el material extremadamente caliente de las erupciones y que est\u00e1 coloreado en rojo y naranja, informa este lunes la\u00a0<a href=\"https:\/\/efe.com\/ciencia-y-tecnologia\/2023-07-25\/la-magia-de-trabajar-en-la-nasa\/\" target=\"_blank\" rel=\"noopener\"><strong>NASA<\/strong><\/a>\u00a0en su web.<\/p>\n<p>Las erupciones solares son potentes estallidos de energ\u00eda que pueden afectar las comunicaciones por radio, redes el\u00e9ctricas y las se\u00f1ales de navegaci\u00f3n, adem\u00e1s de suponer un riesgo para las naves espaciales y los astronautas.<\/p>\n<p>Por eso la NASA observa constantemente el Sol y nuestro entorno espacial con una flota de naves espaciales que estudian desde la actividad solar hasta la atm\u00f3sfera del Sol, pasando por las part\u00edculas y los campos magn\u00e9ticos del espacio que rodea la Tierra.<\/p>\n<p><strong>Clasificada como de clase X1.6<\/strong><\/p>\n<p>La fulguraci\u00f3n ahora captada est\u00e1 clasificada como de clase X1.6. Las categor\u00edas dependen de la energ\u00eda liberada, hay cinco y la X es la m\u00e1xima; la NASA explica que el n\u00famero proporciona m\u00e1s informaci\u00f3n sobre su fuerza.<\/p>\n<p>Con 4.650 millones de a\u00f1os, el Sol presenta un ciclo de once a\u00f1os (promedio) a lo largo del cual su actividad magn\u00e9tica var\u00eda entre un m\u00ednimo y un m\u00e1ximo, cuando se registra una mayor cantidad de manchas solares que se aprecian como zonas m\u00e1s oscuras.<\/p>\n<p>Las erupciones o fulguraciones no son lo mismo que las manchas solares, pero existe una relaci\u00f3n. Las manchas son el almac\u00e9n que proporciona las provisiones energ\u00e9ticas para las erupciones.<\/p>\n<p>Estas son explosiones en la fotosfera del Sol que se manifiestan con un incremento del brillo, de la energ\u00eda radiactiva y de la expulsi\u00f3n violenta de part\u00edculas cargadas el\u00e9ctricamente.<\/p>\n<p>&nbsp;<\/p>\n<p>&nbsp;<\/p>\n","protected":false},"excerpt":{"rendered":"<p>Ciencia (EFE).- El Sol emiti\u00f3 el pasado s\u00e1bado una fuerte <a href=\"https:\/\/sertv.gob.pa\/nacionalfm\/la-nasa-capta-una-fuerte-erupcion-solar\/\"> [&#8230;]<\/a><\/p>\n","protected":false},"author":9,"featured_media":90094,"comment_status":"closed","ping_status":"closed","sticky":false,"template":"","format":"standard","meta":{"footnotes":""},"categories":[3],"tags":[],"class_list":["post-90093","post","type-post","status-publish","format-standard","has-post-thumbnail","hentry","category-internacionales"],"_links":{"self":[{"href":"https:\/\/sertv.gob.pa\/nacionalfm\/wp-json\/wp\/v2\/posts\/90093","targetHints":{"allow":["GET"]}}],"collection":[{"href":"https:\/\/sertv.gob.pa\/nacionalfm\/wp-json\/wp\/v2\/posts"}],"about":[{"href":"https:\/\/sertv.gob.pa\/nacionalfm\/wp-json\/wp\/v2\/types\/post"}],"author":[{"embeddable":true,"href":"https:\/\/sertv.gob.pa\/nacionalfm\/wp-json\/wp\/v2\/users\/9"}],"replies":[{"embeddable":true,"href":"https:\/\/sertv.gob.pa\/nacionalfm\/wp-json\/wp\/v2\/comments?post=90093"}],"version-history":[{"count":1,"href":"https:\/\/sertv.gob.pa\/nacionalfm\/wp-json\/wp\/v2\/posts\/90093\/revisions"}],"predecessor-version":[{"id":90095,"href":"https:\/\/sertv.gob.pa\/nacionalfm\/wp-json\/wp\/v2\/posts\/90093\/revisions\/90095"}],"wp:featuredmedia":[{"embeddable":true,"href":"https:\/\/sertv.gob.pa\/nacionalfm\/wp-json\/wp\/v2\/media\/90094"}],"wp:attachment":[{"href":"https:\/\/sertv.gob.pa\/nacionalfm\/wp-json\/wp\/v2\/media?parent=90093"}],"wp:term":[{"taxonomy":"category","embeddable":true,"href":"https:\/\/sertv.gob.pa\/nacionalfm\/wp-json\/wp\/v2\/categories?post=90093"},{"taxonomy":"post_tag","embeddable":true,"href":"https:\/\/sertv.gob.pa\/nacionalfm\/wp-json\/wp\/v2\/tags?post=90093"}],"curies":[{"name":"wp","href":"https:\/\/api.w.org\/{rel}","templated":true}]}}